{"id":1001,"date":"2024-12-13T19:09:13","date_gmt":"2024-12-13T19:09:13","guid":{"rendered":"https:\/\/rutasiete.es\/?p=1001"},"modified":"2024-12-13T19:12:32","modified_gmt":"2024-12-13T19:12:32","slug":"dia-de-las-montanas","status":"publish","type":"post","link":"https:\/\/rutasiete.es\/en\/dia-de-las-montanas\/","title":{"rendered":"Mountain Day"},"content":{"rendered":"<div id=\"news\" class=\"wp-block-group has-global-padding is-layout-constrained wp-block-group-is-layout-constrained\">\n<div style=\"height:33px\" aria-hidden=\"true\" class=\"wp-block-spacer\"><\/div>\n\n\n\n<div class=\"wp-block-query is-layout-flow wp-block-query-is-layout-flow\">\n<div class=\"wp-block-columns alignwide are-vertically-aligned-center is-layout-flex wp-container-core-columns-is-layout-28f84493 wp-block-columns-is-layout-flex\">\n<div class=\"wp-block-column is-layout-flow wp-block-column-is-layout-flow\">\n<figure class=\"wp-block-image size-full\"><img fetchpriority=\"high\" decoding=\"async\" width=\"800\" height=\"600\" src=\"https:\/\/rutasiete.es\/wp-content\/uploads\/2024\/12\/Rutasiete.jpg\" alt=\"\" class=\"wp-image-999\" srcset=\"https:\/\/rutasiete.es\/wp-content\/uploads\/2024\/12\/Rutasiete.jpg 800w, https:\/\/rutasiete.es\/wp-content\/uploads\/2024\/12\/Rutasiete-300x225.jpg 300w, https:\/\/rutasiete.es\/wp-content\/uploads\/2024\/12\/Rutasiete-16x12.jpg 16w\" sizes=\"(max-width: 800px) 100vw, 800px\" \/><\/figure>\n<\/div>\n<\/div>\n\n\n<\/div>\n\n\n\n<div style=\"height:18px\" aria-hidden=\"true\" class=\"wp-block-spacer\"><\/div>\n<\/div>\n\n\n\t\t\t\t<div class=\"wp-block-uagb-table-of-contents uagb-toc__align-left uagb-toc__columns-1  uagb-block-0c44ac31\"\n\t\t\t\t\tdata-scroll= \"1\"\n\t\t\t\t\tdata-offset= \"30\"\n\t\t\t\t\tstyle=\"\"\n\t\t\t\t>\n\t\t\t\t<div class=\"uagb-toc__wrap\">\n\t\t\t\t\t\t<div class=\"uagb-toc__title\">\n\t\t\t\t\t\t\tTable Of Contents\t\t\t\t\t\t<\/div>\n\t\t\t\t\t\t\t\t\t\t\t\t\t\t\t\t<div class=\"uagb-toc__list-wrap\">\n\t\t\t\t\t\t<ol class=\"uagb-toc__list\"><li class=\"uagb-toc__list\"><a href=\"#d\u00eda-de-las-monta\u00f1as\" class=\"uagb-toc-link__trigger\">Mountain Day<\/a><\/ol>\t\t\t\t\t<\/div>\n\t\t\t\t\t\t\t\t\t<\/div>\n\t\t\t\t<\/div>\n\t\t\t\n\n\n<div style=\"height:33px\" aria-hidden=\"true\" class=\"wp-block-spacer\"><\/div>\n\n\n\n<h2 class=\"wp-block-heading\" id=\"\\&quot;\u00bfque-es-la-meteorologia?\\&quot;\">Mountain Day<\/h2>\n\n\n\n<p>December 11th is International Mountain Day. What can I say about them? To begin with, they have been part of my life for as long as I can remember. I remember going with my parents to Grazalema on those roads in poor condition and seeing those stone giants that made you feel even smaller. After a few years, I began to feel them under my boots, which was what existed in those years, the 70s, I just wanted to go up and up, as soon as you got some money together, you took the bus that took you to the Sierra de Grazalema. A few years later I managed to reach the roof of the Iberian Peninsula, the Mulhac\u00e9n, that was great and I think I was 16 years old. The years have passed and now I see them in a different way, not as a challenge, but as a companion in which I immerse myself whenever I can, to enjoy every moment and corner, calm and contemplative. I could not live without them.<\/p>\n\n\n\n<p><\/p>","protected":false},"excerpt":{"rendered":"<p>Mountain Day. December 11th is International Mountain Day. What can I say about them? To begin with, they have been part of my life for as long as I can remember. I remember going with my parents to Grazalema on those roads in poor condition and observing those stone giants that \u2026 <\/p>\n<p class=\"link-more\"><a href=\"https:\/\/rutasiete.es\/en\/dia-de-las-montanas\/\" class=\"more-link\">Read more<span class=\"screen-reader-text\"> \u00abD\u00eda de las monta\u00f1as\u00bb<\/span><\/a><\/p>","protected":false},"author":1,"featured_media":999,"comment_status":"closed","ping_status":"open","sticky":false,"template":"","format":"standard","meta":{"_uag_custom_page_level_css":"","footnotes":""},"categories":[1],"tags":[],"class_list":["post-1001","post","type-post","status-publish","format-standard","has-post-thumbnail","hentry","category-uncategorized"],"yoast_head":"<!-- This site is optimized with the Yoast SEO plugin v26.2 - https:\/\/yoast.com\/wordpress\/plugins\/seo\/ -->\n<title>D\u00eda de las monta\u00f1as - RutaSiete<\/title>\n<meta name=\"robots\" content=\"index, follow, max-snippet:-1, max-image-preview:large, max-video-preview:-1\" \/>\n<link rel=\"canonical\" href=\"https:\/\/rutasiete.es\/en\/dia-de-las-montanas\/\" \/>\n<meta property=\"og:locale\" content=\"en_GB\" \/>\n<meta property=\"og:type\" content=\"article\" \/>\n<meta property=\"og:title\" content=\"D\u00eda de las monta\u00f1as - RutaSiete\" \/>\n<meta property=\"og:description\" content=\"D\u00eda de las monta\u00f1as. El 11 de diciembre es el d\u00eda internacional de las Monta\u00f1as. Que puedo decir de ellas, para empezar que forman parte de mi vida desde que tengo uso de raz\u00f3n, recuerdo ir con mis padres a Grazalema por aquellas carreteras en mal estado y observar esos gigantes de piedra que te &hellip; Read more &quot;D\u00eda de las monta\u00f1as&quot;\" \/>\n<meta property=\"og:url\" content=\"https:\/\/rutasiete.es\/en\/dia-de-las-montanas\/\" \/>\n<meta property=\"og:site_name\" content=\"RutaSiete\" \/>\n<meta property=\"article:publisher\" content=\"https:\/\/www.facebook.com\/rutasietecadiz\/\" \/>\n<meta property=\"article:published_time\" content=\"2024-12-13T19:09:13+00:00\" \/>\n<meta property=\"article:modified_time\" content=\"2024-12-13T19:12:32+00:00\" \/>\n<meta property=\"og:image\" content=\"https:\/\/rutasiete.es\/wp-content\/uploads\/2024\/12\/Rutasiete.jpg\" \/>\n\t<meta property=\"og:image:width\" content=\"800\" \/>\n\t<meta property=\"og:image:height\" content=\"600\" \/>\n\t<meta property=\"og:image:type\" content=\"image\/jpeg\" \/>\n<meta name=\"author\" content=\"RutaSiete\" \/>\n<meta name=\"twitter:card\" content=\"summary_large_image\" \/>\n<meta name=\"twitter:label1\" content=\"Written by\" \/>\n\t<meta name=\"twitter:data1\" content=\"RutaSiete\" \/>\n\t<meta name=\"twitter:label2\" content=\"Estimated reading time\" \/>\n\t<meta name=\"twitter:data2\" content=\"2 minutes\" \/>\n<script type=\"application\/ld+json\" class=\"yoast-schema-graph\">{\"@context\":\"https:\/\/schema.org\",\"@graph\":[{\"@type\":\"Article\",\"@id\":\"https:\/\/rutasiete.es\/dia-de-las-montanas\/#article\",\"isPartOf\":{\"@id\":\"https:\/\/rutasiete.es\/dia-de-las-montanas\/\"},\"author\":{\"name\":\"RutaSiete\",\"@id\":\"https:\/\/rutasiete.es\/#\/schema\/person\/71398a71ba0ac924eb168d8d7f8de6c5\"},\"headline\":\"D\u00eda de las monta\u00f1as\",\"datePublished\":\"2024-12-13T19:09:13+00:00\",\"dateModified\":\"2024-12-13T19:12:32+00:00\",\"mainEntityOfPage\":{\"@id\":\"https:\/\/rutasiete.es\/dia-de-las-montanas\/\"},\"wordCount\":196,\"publisher\":{\"@id\":\"https:\/\/rutasiete.es\/#organization\"},\"image\":{\"@id\":\"https:\/\/rutasiete.es\/dia-de-las-montanas\/#primaryimage\"},\"thumbnailUrl\":\"https:\/\/rutasiete.es\/wp-content\/uploads\/2024\/12\/Rutasiete.jpg\",\"articleSection\":[\"Uncategorized\"],\"inLanguage\":\"en-GB\"},{\"@type\":\"WebPage\",\"@id\":\"https:\/\/rutasiete.es\/dia-de-las-montanas\/\",\"url\":\"https:\/\/rutasiete.es\/dia-de-las-montanas\/\",\"name\":\"D\u00eda de las monta\u00f1as - RutaSiete\",\"isPartOf\":{\"@id\":\"https:\/\/rutasiete.es\/#website\"},\"primaryImageOfPage\":{\"@id\":\"https:\/\/rutasiete.es\/dia-de-las-montanas\/#primaryimage\"},\"image\":{\"@id\":\"https:\/\/rutasiete.es\/dia-de-las-montanas\/#primaryimage\"},\"thumbnailUrl\":\"https:\/\/rutasiete.es\/wp-content\/uploads\/2024\/12\/Rutasiete.jpg\",\"datePublished\":\"2024-12-13T19:09:13+00:00\",\"dateModified\":\"2024-12-13T19:12:32+00:00\",\"breadcrumb\":{\"@id\":\"https:\/\/rutasiete.es\/dia-de-las-montanas\/#breadcrumb\"},\"inLanguage\":\"en-GB\",\"potentialAction\":[{\"@type\":\"ReadAction\",\"target\":[\"https:\/\/rutasiete.es\/dia-de-las-montanas\/\"]}]},{\"@type\":\"ImageObject\",\"inLanguage\":\"en-GB\",\"@id\":\"https:\/\/rutasiete.es\/dia-de-las-montanas\/#primaryimage\",\"url\":\"https:\/\/rutasiete.es\/wp-content\/uploads\/2024\/12\/Rutasiete.jpg\",\"contentUrl\":\"https:\/\/rutasiete.es\/wp-content\/uploads\/2024\/12\/Rutasiete.jpg\",\"width\":800,\"height\":600},{\"@type\":\"BreadcrumbList\",\"@id\":\"https:\/\/rutasiete.es\/dia-de-las-montanas\/#breadcrumb\",\"itemListElement\":[{\"@type\":\"ListItem\",\"position\":1,\"name\":\"Portada\",\"item\":\"https:\/\/rutasiete.es\/\"},{\"@type\":\"ListItem\",\"position\":2,\"name\":\"D\u00eda de las monta\u00f1as\"}]},{\"@type\":\"WebSite\",\"@id\":\"https:\/\/rutasiete.es\/#website\",\"url\":\"https:\/\/rutasiete.es\/\",\"name\":\"RutaSiete\",\"description\":\"Experiencias tur\u00edsticas en 4x4\",\"publisher\":{\"@id\":\"https:\/\/rutasiete.es\/#organization\"},\"potentialAction\":[{\"@type\":\"SearchAction\",\"target\":{\"@type\":\"EntryPoint\",\"urlTemplate\":\"https:\/\/rutasiete.es\/?s={search_term_string}\"},\"query-input\":{\"@type\":\"PropertyValueSpecification\",\"valueRequired\":true,\"valueName\":\"search_term_string\"}}],\"inLanguage\":\"en-GB\"},{\"@type\":\"Organization\",\"@id\":\"https:\/\/rutasiete.es\/#organization\",\"name\":\"RutaSiete\",\"url\":\"https:\/\/rutasiete.es\/\",\"logo\":{\"@type\":\"ImageObject\",\"inLanguage\":\"en-GB\",\"@id\":\"https:\/\/rutasiete.es\/#\/schema\/logo\/image\/\",\"url\":\"https:\/\/rutasiete.es\/wp-content\/uploads\/2024\/01\/Captura_de_pantalla_2023-12-24_225103-removebg-preview.png\",\"contentUrl\":\"https:\/\/rutasiete.es\/wp-content\/uploads\/2024\/01\/Captura_de_pantalla_2023-12-24_225103-removebg-preview.png\",\"width\":342,\"height\":161,\"caption\":\"RutaSiete\"},\"image\":{\"@id\":\"https:\/\/rutasiete.es\/#\/schema\/logo\/image\/\"},\"sameAs\":[\"https:\/\/www.facebook.com\/rutasietecadiz\/\",\"https:\/\/www.instagram.com\/rutasietecadiz\/\"]},{\"@type\":\"Person\",\"@id\":\"https:\/\/rutasiete.es\/#\/schema\/person\/71398a71ba0ac924eb168d8d7f8de6c5\",\"name\":\"RutaSiete\",\"image\":{\"@type\":\"ImageObject\",\"inLanguage\":\"en-GB\",\"@id\":\"https:\/\/rutasiete.es\/#\/schema\/person\/image\/\",\"url\":\"https:\/\/secure.gravatar.com\/avatar\/cc9d13a377e6f188b3113a1e5306794676c9ef7d94d97d7ebbd58a154e507e8f?s=96&d=mm&r=g\",\"contentUrl\":\"https:\/\/secure.gravatar.com\/avatar\/cc9d13a377e6f188b3113a1e5306794676c9ef7d94d97d7ebbd58a154e507e8f?s=96&d=mm&r=g\",\"caption\":\"RutaSiete\"},\"sameAs\":[\"https:\/\/rutasiete.es\"],\"url\":\"https:\/\/rutasiete.es\/en\/author\/rutasiete\/\"}]}<\/script>\n<!-- \/ Yoast SEO plugin. -->","yoast_head_json":{"title":"D\u00eda de las monta\u00f1as - RutaSiete","robots":{"index":"index","follow":"follow","max-snippet":"max-snippet:-1","max-image-preview":"max-image-preview:large","max-video-preview":"max-video-preview:-1"},"canonical":"https:\/\/rutasiete.es\/en\/dia-de-las-montanas\/","og_locale":"en_GB","og_type":"article","og_title":"D\u00eda de las monta\u00f1as - RutaSiete","og_description":"D\u00eda de las monta\u00f1as. El 11 de diciembre es el d\u00eda internacional de las Monta\u00f1as. Que puedo decir de ellas, para empezar que forman parte de mi vida desde que tengo uso de raz\u00f3n, recuerdo ir con mis padres a Grazalema por aquellas carreteras en mal estado y observar esos gigantes de piedra que te &hellip; Read more \"D\u00eda de las monta\u00f1as\"","og_url":"https:\/\/rutasiete.es\/en\/dia-de-las-montanas\/","og_site_name":"RutaSiete","article_publisher":"https:\/\/www.facebook.com\/rutasietecadiz\/","article_published_time":"2024-12-13T19:09:13+00:00","article_modified_time":"2024-12-13T19:12:32+00:00","og_image":[{"width":800,"height":600,"url":"https:\/\/rutasiete.es\/wp-content\/uploads\/2024\/12\/Rutasiete.jpg","type":"image\/jpeg"}],"author":"RutaSiete","twitter_card":"summary_large_image","twitter_misc":{"Written by":"RutaSiete","Estimated reading time":"2 minutes"},"schema":{"@context":"https:\/\/schema.org","@graph":[{"@type":"Article","@id":"https:\/\/rutasiete.es\/dia-de-las-montanas\/#article","isPartOf":{"@id":"https:\/\/rutasiete.es\/dia-de-las-montanas\/"},"author":{"name":"RutaSiete","@id":"https:\/\/rutasiete.es\/#\/schema\/person\/71398a71ba0ac924eb168d8d7f8de6c5"},"headline":"D\u00eda de las monta\u00f1as","datePublished":"2024-12-13T19:09:13+00:00","dateModified":"2024-12-13T19:12:32+00:00","mainEntityOfPage":{"@id":"https:\/\/rutasiete.es\/dia-de-las-montanas\/"},"wordCount":196,"publisher":{"@id":"https:\/\/rutasiete.es\/#organization"},"image":{"@id":"https:\/\/rutasiete.es\/dia-de-las-montanas\/#primaryimage"},"thumbnailUrl":"https:\/\/rutasiete.es\/wp-content\/uploads\/2024\/12\/Rutasiete.jpg","articleSection":["Uncategorized"],"inLanguage":"en-GB"},{"@type":"WebPage","@id":"https:\/\/rutasiete.es\/dia-de-las-montanas\/","url":"https:\/\/rutasiete.es\/dia-de-las-montanas\/","name":"D\u00eda de las monta\u00f1as - RutaSiete","isPartOf":{"@id":"https:\/\/rutasiete.es\/#website"},"primaryImageOfPage":{"@id":"https:\/\/rutasiete.es\/dia-de-las-montanas\/#primaryimage"},"image":{"@id":"https:\/\/rutasiete.es\/dia-de-las-montanas\/#primaryimage"},"thumbnailUrl":"https:\/\/rutasiete.es\/wp-content\/uploads\/2024\/12\/Rutasiete.jpg","datePublished":"2024-12-13T19:09:13+00:00","dateModified":"2024-12-13T19:12:32+00:00","breadcrumb":{"@id":"https:\/\/rutasiete.es\/dia-de-las-montanas\/#breadcrumb"},"inLanguage":"en-GB","potentialAction":[{"@type":"ReadAction","target":["https:\/\/rutasiete.es\/dia-de-las-montanas\/"]}]},{"@type":"ImageObject","inLanguage":"en-GB","@id":"https:\/\/rutasiete.es\/dia-de-las-montanas\/#primaryimage","url":"https:\/\/rutasiete.es\/wp-content\/uploads\/2024\/12\/Rutasiete.jpg","contentUrl":"https:\/\/rutasiete.es\/wp-content\/uploads\/2024\/12\/Rutasiete.jpg","width":800,"height":600},{"@type":"BreadcrumbList","@id":"https:\/\/rutasiete.es\/dia-de-las-montanas\/#breadcrumb","itemListElement":[{"@type":"ListItem","position":1,"name":"Portada","item":"https:\/\/rutasiete.es\/"},{"@type":"ListItem","position":2,"name":"D\u00eda de las monta\u00f1as"}]},{"@type":"WebSite","@id":"https:\/\/rutasiete.es\/#website","url":"https:\/\/rutasiete.es\/","name":"RutaSiete","description":"Experiencias tur\u00edsticas en 4x4","publisher":{"@id":"https:\/\/rutasiete.es\/#organization"},"potentialAction":[{"@type":"SearchAction","target":{"@type":"EntryPoint","urlTemplate":"https:\/\/rutasiete.es\/?s={search_term_string}"},"query-input":{"@type":"PropertyValueSpecification","valueRequired":true,"valueName":"search_term_string"}}],"inLanguage":"en-GB"},{"@type":"Organization","@id":"https:\/\/rutasiete.es\/#organization","name":"RutaSiete","url":"https:\/\/rutasiete.es\/","logo":{"@type":"ImageObject","inLanguage":"en-GB","@id":"https:\/\/rutasiete.es\/#\/schema\/logo\/image\/","url":"https:\/\/rutasiete.es\/wp-content\/uploads\/2024\/01\/Captura_de_pantalla_2023-12-24_225103-removebg-preview.png","contentUrl":"https:\/\/rutasiete.es\/wp-content\/uploads\/2024\/01\/Captura_de_pantalla_2023-12-24_225103-removebg-preview.png","width":342,"height":161,"caption":"RutaSiete"},"image":{"@id":"https:\/\/rutasiete.es\/#\/schema\/logo\/image\/"},"sameAs":["https:\/\/www.facebook.com\/rutasietecadiz\/","https:\/\/www.instagram.com\/rutasietecadiz\/"]},{"@type":"Person","@id":"https:\/\/rutasiete.es\/#\/schema\/person\/71398a71ba0ac924eb168d8d7f8de6c5","name":"RutaSiete","image":{"@type":"ImageObject","inLanguage":"en-GB","@id":"https:\/\/rutasiete.es\/#\/schema\/person\/image\/","url":"https:\/\/secure.gravatar.com\/avatar\/cc9d13a377e6f188b3113a1e5306794676c9ef7d94d97d7ebbd58a154e507e8f?s=96&d=mm&r=g","contentUrl":"https:\/\/secure.gravatar.com\/avatar\/cc9d13a377e6f188b3113a1e5306794676c9ef7d94d97d7ebbd58a154e507e8f?s=96&d=mm&r=g","caption":"RutaSiete"},"sameAs":["https:\/\/rutasiete.es"],"url":"https:\/\/rutasiete.es\/en\/author\/rutasiete\/"}]}},"uagb_featured_image_src":{"full":["https:\/\/rutasiete.es\/wp-content\/uploads\/2024\/12\/Rutasiete.jpg",800,600,false],"thumbnail":["https:\/\/rutasiete.es\/wp-content\/uploads\/2024\/12\/Rutasiete-150x150.jpg",150,150,true],"medium":["https:\/\/rutasiete.es\/wp-content\/uploads\/2024\/12\/Rutasiete-300x225.jpg",300,225,true],"medium_large":["https:\/\/rutasiete.es\/wp-content\/uploads\/2024\/12\/Rutasiete.jpg",768,576,false],"large":["https:\/\/rutasiete.es\/wp-content\/uploads\/2024\/12\/Rutasiete.jpg",800,600,false],"1536x1536":["https:\/\/rutasiete.es\/wp-content\/uploads\/2024\/12\/Rutasiete.jpg",800,600,false],"2048x2048":["https:\/\/rutasiete.es\/wp-content\/uploads\/2024\/12\/Rutasiete.jpg",800,600,false],"trp-custom-language-flag":["https:\/\/rutasiete.es\/wp-content\/uploads\/2024\/12\/Rutasiete-16x12.jpg",16,12,true],"inspiro-featured-image":["https:\/\/rutasiete.es\/wp-content\/uploads\/2024\/12\/Rutasiete.jpg",800,600,false],"inspiro-loop":["https:\/\/rutasiete.es\/wp-content\/uploads\/2024\/12\/Rutasiete-800x320.jpg",800,320,true],"inspiro-loop@2x":["https:\/\/rutasiete.es\/wp-content\/uploads\/2024\/12\/Rutasiete.jpg",800,600,false]},"uagb_author_info":{"display_name":"RutaSiete","author_link":"https:\/\/rutasiete.es\/en\/author\/rutasiete\/"},"uagb_comment_info":0,"uagb_excerpt":"D\u00eda de las monta\u00f1as. El 11 de diciembre es el d\u00eda internacional de las Monta\u00f1as. Que puedo decir de ellas, para empezar que forman parte de mi vida desde que tengo uso de raz\u00f3n, recuerdo ir con mis padres a Grazalema por aquellas carreteras en mal estado y observar esos gigantes de piedra que te&hellip;","_links":{"self":[{"href":"https:\/\/rutasiete.es\/en\/wp-json\/wp\/v2\/posts\/1001","targetHints":{"allow":["GET"]}}],"collection":[{"href":"https:\/\/rutasiete.es\/en\/wp-json\/wp\/v2\/posts"}],"about":[{"href":"https:\/\/rutasiete.es\/en\/wp-json\/wp\/v2\/types\/post"}],"author":[{"embeddable":true,"href":"https:\/\/rutasiete.es\/en\/wp-json\/wp\/v2\/users\/1"}],"replies":[{"embeddable":true,"href":"https:\/\/rutasiete.es\/en\/wp-json\/wp\/v2\/comments?post=1001"}],"version-history":[{"count":2,"href":"https:\/\/rutasiete.es\/en\/wp-json\/wp\/v2\/posts\/1001\/revisions"}],"predecessor-version":[{"id":1003,"href":"https:\/\/rutasiete.es\/en\/wp-json\/wp\/v2\/posts\/1001\/revisions\/1003"}],"wp:featuredmedia":[{"embeddable":true,"href":"https:\/\/rutasiete.es\/en\/wp-json\/wp\/v2\/media\/999"}],"wp:attachment":[{"href":"https:\/\/rutasiete.es\/en\/wp-json\/wp\/v2\/media?parent=1001"}],"wp:term":[{"taxonomy":"category","embeddable":true,"href":"https:\/\/rutasiete.es\/en\/wp-json\/wp\/v2\/categories?post=1001"},{"taxonomy":"post_tag","embeddable":true,"href":"https:\/\/rutasiete.es\/en\/wp-json\/wp\/v2\/tags?post=1001"}],"curies":[{"name":"wp","href":"https:\/\/api.w.org\/{rel}","templated":true}]}}