{"id":578,"date":"2023-09-12T11:45:28","date_gmt":"2023-09-12T11:45:28","guid":{"rendered":"https:\/\/rutasiete.es\/?p=578"},"modified":"2024-06-16T12:00:55","modified_gmt":"2024-06-16T12:00:55","slug":"la-berrea-del-ciervo","status":"publish","type":"post","link":"https:\/\/rutasiete.es\/en\/la-berrea-del-ciervo\/","title":{"rendered":"The deer's bellow"},"content":{"rendered":"<div id=\"news\" class=\"wp-block-group has-global-padding is-layout-constrained wp-block-group-is-layout-constrained\">\n<div style=\"height:33px\" aria-hidden=\"true\" class=\"wp-block-spacer\"><\/div>\n\n\n\n<div class=\"wp-block-query is-layout-flow wp-block-query-is-layout-flow\">\n<div class=\"wp-block-columns alignwide are-vertically-aligned-center is-layout-flex wp-container-core-columns-is-layout-28f84493 wp-block-columns-is-layout-flex\">\n<div class=\"wp-block-column is-layout-flow wp-block-column-is-layout-flow\">\n<figure class=\"wp-block-image size-full is-resized\"><img fetchpriority=\"high\" decoding=\"async\" width=\"2560\" height=\"1707\" src=\"https:\/\/rutasiete.es\/wp-content\/uploads\/2024\/06\/red-deer-green-background-deer-rut-nature-habitat-scaled.jpg\" alt=\"\" class=\"wp-image-624\" style=\"object-fit:cover;width:800px;height:500px\" srcset=\"https:\/\/rutasiete.es\/wp-content\/uploads\/2024\/06\/red-deer-green-background-deer-rut-nature-habitat-scaled.jpg 2560w, https:\/\/rutasiete.es\/wp-content\/uploads\/2024\/06\/red-deer-green-background-deer-rut-nature-habitat-300x200.jpg 300w, https:\/\/rutasiete.es\/wp-content\/uploads\/2024\/06\/red-deer-green-background-deer-rut-nature-habitat-1024x683.jpg 1024w, https:\/\/rutasiete.es\/wp-content\/uploads\/2024\/06\/red-deer-green-background-deer-rut-nature-habitat-2000x1333.jpg 2000w, https:\/\/rutasiete.es\/wp-content\/uploads\/2024\/06\/red-deer-green-background-deer-rut-nature-habitat-scaled-1536x1024.jpg 1536w, https:\/\/rutasiete.es\/wp-content\/uploads\/2024\/06\/red-deer-green-background-deer-rut-nature-habitat-scaled-2048x1366.jpg 2048w, https:\/\/rutasiete.es\/wp-content\/uploads\/2024\/06\/red-deer-green-background-deer-rut-nature-habitat-scaled-18x12.jpg 18w\" sizes=\"(max-width: 2560px) 100vw, 2560px\" \/><\/figure>\n<\/div>\n<\/div>\n\n\n<\/div>\n\n\n\n<div style=\"height:18px\" aria-hidden=\"true\" class=\"wp-block-spacer\"><\/div>\n<\/div>\n\n\n\n<div style=\"height:33px\" aria-hidden=\"true\" class=\"wp-block-spacer\"><\/div>\n\n\n\n<p id=\"xr32b\">La berrea es el bramido especial de los ciervos en celo que sucede todos los a\u00f1os pasado el verano, entre finales de septiembre y principios de octubre, lo podemos ver y observar en el t\u00e9rmino municipal de Jerez, concretamente en los Montes de Propios (Parque Natural Los Alcornocales).<\/p>\n\n\n\n<p id=\"1mez4\">Nos introducimos en esta finca para vivir en primera l\u00ednea este espect\u00e1culo maravilloso de la naturaleza, buscamos los mejores rincones para disfrutar de la berrea sin interferir en su desarrollo.<\/p>\n\n\n\n<p id=\"rjm7w\">La ruta comienza en Jerez y nos desplazamos hasta los Montes, disfrutando del camino por la vega del Guadalete y r\u00edo majaceite, cruzando uno de los embalses m\u00e1s grandes de Andaluc\u00eda para llegar a una de las entradas de la propiedad, haremos una introducci\u00f3n de los c\u00e9rvidos del Parque y las caracter\u00edsticas del mismo para a continuaci\u00f3n ir atravesando muy lentamente la finca, realizaremos varias paradas en lugares estrat\u00e9gicos para su contemplaci\u00f3n. Finalizamos con un aperitivo con vino de Jerez en este paraje inigualable como es \u00abLa \u00faltima selva mediterr\u00e1nea\u00bb.<\/p>\n\n\n\n<p id=\"y4hcf\">No dejes de vivir esta experiencia \u00fanica y de acompa\u00f1ar a los ciervos en la berrea de este a\u00f1o. \u00a1Inolvidable!<\/p>\n\n\n\n<p id=\"69uwx\">Solicita ficha t\u00e9cnica a salvador@rutasiete.es<\/p>\n\n\n\n<div style=\"height:33px\" aria-hidden=\"true\" class=\"wp-block-spacer\"><\/div>","protected":false},"excerpt":{"rendered":"<p>The bellowing is the special bellow of the deer in heat that happens every year after the summer, between the end of September and the beginning of October, we can see and observe it in the municipality of Jerez, specifically in the Montes de Propios (Los Alcornocales Natural Park). We enter this farm to live \u2026 <\/p>\n<p class=\"link-more\"><a href=\"https:\/\/rutasiete.es\/en\/la-berrea-del-ciervo\/\" class=\"more-link\">Read more<span class=\"screen-reader-text\"> \u00abLa Berrea del ciervo\u00bb<\/span><\/a><\/p>","protected":false},"author":1,"featured_media":624,"comment_status":"closed","ping_status":"open","sticky":false,"template":"","format":"standard","meta":{"_uag_custom_page_level_css":"","footnotes":""},"categories":[1],"tags":[],"class_list":["post-578","post","type-post","status-publish","format-standard","has-post-thumbnail","hentry","category-uncategorized"],"yoast_head":"<!-- This site is optimized with the Yoast SEO plugin v26.2 - https:\/\/yoast.com\/wordpress\/plugins\/seo\/ -->\n<title>La Berrea del ciervo - RutaSiete<\/title>\n<meta name=\"robots\" content=\"index, follow, max-snippet:-1, max-image-preview:large, max-video-preview:-1\" \/>\n<link rel=\"canonical\" href=\"https:\/\/rutasiete.es\/en\/la-berrea-del-ciervo\/\" \/>\n<meta property=\"og:locale\" content=\"en_GB\" \/>\n<meta property=\"og:type\" content=\"article\" \/>\n<meta property=\"og:title\" content=\"La Berrea del ciervo - RutaSiete\" \/>\n<meta property=\"og:description\" content=\"La berrea es el bramido especial de los ciervos en celo que sucede todos los a\u00f1os pasado el verano, entre finales de septiembre y principios de octubre, lo podemos ver y observar en el t\u00e9rmino municipal de Jerez, concretamente en los Montes de Propios (Parque Natural Los Alcornocales). Nos introducimos en esta finca para vivir &hellip; Read more &quot;La Berrea del ciervo&quot;\" \/>\n<meta property=\"og:url\" content=\"https:\/\/rutasiete.es\/en\/la-berrea-del-ciervo\/\" \/>\n<meta property=\"og:site_name\" content=\"RutaSiete\" \/>\n<meta property=\"article:publisher\" content=\"https:\/\/www.facebook.com\/rutasietecadiz\/\" \/>\n<meta property=\"article:published_time\" content=\"2023-09-12T11:45:28+00:00\" \/>\n<meta property=\"article:modified_time\" content=\"2024-06-16T12:00:55+00:00\" \/>\n<meta property=\"og:image\" content=\"https:\/\/rutasiete.es\/wp-content\/uploads\/2024\/06\/red-deer-green-background-deer-rut-nature-habitat-scaled.jpg\" \/>\n\t<meta property=\"og:image:width\" content=\"2560\" \/>\n\t<meta property=\"og:image:height\" content=\"1707\" \/>\n\t<meta property=\"og:image:type\" content=\"image\/jpeg\" \/>\n<meta name=\"author\" content=\"RutaSiete\" \/>\n<meta name=\"twitter:card\" content=\"summary_large_image\" \/>\n<meta name=\"twitter:label1\" content=\"Written by\" \/>\n\t<meta name=\"twitter:data1\" content=\"RutaSiete\" \/>\n\t<meta name=\"twitter:label2\" content=\"Estimated reading time\" \/>\n\t<meta name=\"twitter:data2\" content=\"2 minutes\" \/>\n<script type=\"application\/ld+json\" class=\"yoast-schema-graph\">{\"@context\":\"https:\/\/schema.org\",\"@graph\":[{\"@type\":\"Article\",\"@id\":\"https:\/\/rutasiete.es\/la-berrea-del-ciervo\/#article\",\"isPartOf\":{\"@id\":\"https:\/\/rutasiete.es\/la-berrea-del-ciervo\/\"},\"author\":{\"name\":\"RutaSiete\",\"@id\":\"https:\/\/rutasiete.es\/#\/schema\/person\/71398a71ba0ac924eb168d8d7f8de6c5\"},\"headline\":\"La Berrea del ciervo\",\"datePublished\":\"2023-09-12T11:45:28+00:00\",\"dateModified\":\"2024-06-16T12:00:55+00:00\",\"mainEntityOfPage\":{\"@id\":\"https:\/\/rutasiete.es\/la-berrea-del-ciervo\/\"},\"wordCount\":219,\"publisher\":{\"@id\":\"https:\/\/rutasiete.es\/#organization\"},\"image\":{\"@id\":\"https:\/\/rutasiete.es\/la-berrea-del-ciervo\/#primaryimage\"},\"thumbnailUrl\":\"https:\/\/rutasiete.es\/wp-content\/uploads\/2024\/06\/red-deer-green-background-deer-rut-nature-habitat-scaled.jpg\",\"articleSection\":[\"Uncategorized\"],\"inLanguage\":\"en-GB\"},{\"@type\":\"WebPage\",\"@id\":\"https:\/\/rutasiete.es\/la-berrea-del-ciervo\/\",\"url\":\"https:\/\/rutasiete.es\/la-berrea-del-ciervo\/\",\"name\":\"La Berrea del ciervo - RutaSiete\",\"isPartOf\":{\"@id\":\"https:\/\/rutasiete.es\/#website\"},\"primaryImageOfPage\":{\"@id\":\"https:\/\/rutasiete.es\/la-berrea-del-ciervo\/#primaryimage\"},\"image\":{\"@id\":\"https:\/\/rutasiete.es\/la-berrea-del-ciervo\/#primaryimage\"},\"thumbnailUrl\":\"https:\/\/rutasiete.es\/wp-content\/uploads\/2024\/06\/red-deer-green-background-deer-rut-nature-habitat-scaled.jpg\",\"datePublished\":\"2023-09-12T11:45:28+00:00\",\"dateModified\":\"2024-06-16T12:00:55+00:00\",\"breadcrumb\":{\"@id\":\"https:\/\/rutasiete.es\/la-berrea-del-ciervo\/#breadcrumb\"},\"inLanguage\":\"en-GB\",\"potentialAction\":[{\"@type\":\"ReadAction\",\"target\":[\"https:\/\/rutasiete.es\/la-berrea-del-ciervo\/\"]}]},{\"@type\":\"ImageObject\",\"inLanguage\":\"en-GB\",\"@id\":\"https:\/\/rutasiete.es\/la-berrea-del-ciervo\/#primaryimage\",\"url\":\"https:\/\/rutasiete.es\/wp-content\/uploads\/2024\/06\/red-deer-green-background-deer-rut-nature-habitat-scaled.jpg\",\"contentUrl\":\"https:\/\/rutasiete.es\/wp-content\/uploads\/2024\/06\/red-deer-green-background-deer-rut-nature-habitat-scaled.jpg\",\"width\":2560,\"height\":1707},{\"@type\":\"BreadcrumbList\",\"@id\":\"https:\/\/rutasiete.es\/la-berrea-del-ciervo\/#breadcrumb\",\"itemListElement\":[{\"@type\":\"ListItem\",\"position\":1,\"name\":\"Portada\",\"item\":\"https:\/\/rutasiete.es\/\"},{\"@type\":\"ListItem\",\"position\":2,\"name\":\"La Berrea del ciervo\"}]},{\"@type\":\"WebSite\",\"@id\":\"https:\/\/rutasiete.es\/#website\",\"url\":\"https:\/\/rutasiete.es\/\",\"name\":\"RutaSiete\",\"description\":\"Experiencias tur\u00edsticas en 4x4\",\"publisher\":{\"@id\":\"https:\/\/rutasiete.es\/#organization\"},\"potentialAction\":[{\"@type\":\"SearchAction\",\"target\":{\"@type\":\"EntryPoint\",\"urlTemplate\":\"https:\/\/rutasiete.es\/?s={search_term_string}\"},\"query-input\":{\"@type\":\"PropertyValueSpecification\",\"valueRequired\":true,\"valueName\":\"search_term_string\"}}],\"inLanguage\":\"en-GB\"},{\"@type\":\"Organization\",\"@id\":\"https:\/\/rutasiete.es\/#organization\",\"name\":\"RutaSiete\",\"url\":\"https:\/\/rutasiete.es\/\",\"logo\":{\"@type\":\"ImageObject\",\"inLanguage\":\"en-GB\",\"@id\":\"https:\/\/rutasiete.es\/#\/schema\/logo\/image\/\",\"url\":\"https:\/\/rutasiete.es\/wp-content\/uploads\/2024\/01\/Captura_de_pantalla_2023-12-24_225103-removebg-preview.png\",\"contentUrl\":\"https:\/\/rutasiete.es\/wp-content\/uploads\/2024\/01\/Captura_de_pantalla_2023-12-24_225103-removebg-preview.png\",\"width\":342,\"height\":161,\"caption\":\"RutaSiete\"},\"image\":{\"@id\":\"https:\/\/rutasiete.es\/#\/schema\/logo\/image\/\"},\"sameAs\":[\"https:\/\/www.facebook.com\/rutasietecadiz\/\",\"https:\/\/www.instagram.com\/rutasietecadiz\/\"]},{\"@type\":\"Person\",\"@id\":\"https:\/\/rutasiete.es\/#\/schema\/person\/71398a71ba0ac924eb168d8d7f8de6c5\",\"name\":\"RutaSiete\",\"image\":{\"@type\":\"ImageObject\",\"inLanguage\":\"en-GB\",\"@id\":\"https:\/\/rutasiete.es\/#\/schema\/person\/image\/\",\"url\":\"https:\/\/secure.gravatar.com\/avatar\/cc9d13a377e6f188b3113a1e5306794676c9ef7d94d97d7ebbd58a154e507e8f?s=96&d=mm&r=g\",\"contentUrl\":\"https:\/\/secure.gravatar.com\/avatar\/cc9d13a377e6f188b3113a1e5306794676c9ef7d94d97d7ebbd58a154e507e8f?s=96&d=mm&r=g\",\"caption\":\"RutaSiete\"},\"sameAs\":[\"https:\/\/rutasiete.es\"],\"url\":\"https:\/\/rutasiete.es\/en\/author\/rutasiete\/\"}]}<\/script>\n<!-- \/ Yoast SEO plugin. -->","yoast_head_json":{"title":"La Berrea del ciervo - RutaSiete","robots":{"index":"index","follow":"follow","max-snippet":"max-snippet:-1","max-image-preview":"max-image-preview:large","max-video-preview":"max-video-preview:-1"},"canonical":"https:\/\/rutasiete.es\/en\/la-berrea-del-ciervo\/","og_locale":"en_GB","og_type":"article","og_title":"La Berrea del ciervo - RutaSiete","og_description":"La berrea es el bramido especial de los ciervos en celo que sucede todos los a\u00f1os pasado el verano, entre finales de septiembre y principios de octubre, lo podemos ver y observar en el t\u00e9rmino municipal de Jerez, concretamente en los Montes de Propios (Parque Natural Los Alcornocales). Nos introducimos en esta finca para vivir &hellip; Read more \"La Berrea del ciervo\"","og_url":"https:\/\/rutasiete.es\/en\/la-berrea-del-ciervo\/","og_site_name":"RutaSiete","article_publisher":"https:\/\/www.facebook.com\/rutasietecadiz\/","article_published_time":"2023-09-12T11:45:28+00:00","article_modified_time":"2024-06-16T12:00:55+00:00","og_image":[{"width":2560,"height":1707,"url":"https:\/\/rutasiete.es\/wp-content\/uploads\/2024\/06\/red-deer-green-background-deer-rut-nature-habitat-scaled.jpg","type":"image\/jpeg"}],"author":"RutaSiete","twitter_card":"summary_large_image","twitter_misc":{"Written by":"RutaSiete","Estimated reading time":"2 minutes"},"schema":{"@context":"https:\/\/schema.org","@graph":[{"@type":"Article","@id":"https:\/\/rutasiete.es\/la-berrea-del-ciervo\/#article","isPartOf":{"@id":"https:\/\/rutasiete.es\/la-berrea-del-ciervo\/"},"author":{"name":"RutaSiete","@id":"https:\/\/rutasiete.es\/#\/schema\/person\/71398a71ba0ac924eb168d8d7f8de6c5"},"headline":"La Berrea del ciervo","datePublished":"2023-09-12T11:45:28+00:00","dateModified":"2024-06-16T12:00:55+00:00","mainEntityOfPage":{"@id":"https:\/\/rutasiete.es\/la-berrea-del-ciervo\/"},"wordCount":219,"publisher":{"@id":"https:\/\/rutasiete.es\/#organization"},"image":{"@id":"https:\/\/rutasiete.es\/la-berrea-del-ciervo\/#primaryimage"},"thumbnailUrl":"https:\/\/rutasiete.es\/wp-content\/uploads\/2024\/06\/red-deer-green-background-deer-rut-nature-habitat-scaled.jpg","articleSection":["Uncategorized"],"inLanguage":"en-GB"},{"@type":"WebPage","@id":"https:\/\/rutasiete.es\/la-berrea-del-ciervo\/","url":"https:\/\/rutasiete.es\/la-berrea-del-ciervo\/","name":"La Berrea del ciervo - RutaSiete","isPartOf":{"@id":"https:\/\/rutasiete.es\/#website"},"primaryImageOfPage":{"@id":"https:\/\/rutasiete.es\/la-berrea-del-ciervo\/#primaryimage"},"image":{"@id":"https:\/\/rutasiete.es\/la-berrea-del-ciervo\/#primaryimage"},"thumbnailUrl":"https:\/\/rutasiete.es\/wp-content\/uploads\/2024\/06\/red-deer-green-background-deer-rut-nature-habitat-scaled.jpg","datePublished":"2023-09-12T11:45:28+00:00","dateModified":"2024-06-16T12:00:55+00:00","breadcrumb":{"@id":"https:\/\/rutasiete.es\/la-berrea-del-ciervo\/#breadcrumb"},"inLanguage":"en-GB","potentialAction":[{"@type":"ReadAction","target":["https:\/\/rutasiete.es\/la-berrea-del-ciervo\/"]}]},{"@type":"ImageObject","inLanguage":"en-GB","@id":"https:\/\/rutasiete.es\/la-berrea-del-ciervo\/#primaryimage","url":"https:\/\/rutasiete.es\/wp-content\/uploads\/2024\/06\/red-deer-green-background-deer-rut-nature-habitat-scaled.jpg","contentUrl":"https:\/\/rutasiete.es\/wp-content\/uploads\/2024\/06\/red-deer-green-background-deer-rut-nature-habitat-scaled.jpg","width":2560,"height":1707},{"@type":"BreadcrumbList","@id":"https:\/\/rutasiete.es\/la-berrea-del-ciervo\/#breadcrumb","itemListElement":[{"@type":"ListItem","position":1,"name":"Portada","item":"https:\/\/rutasiete.es\/"},{"@type":"ListItem","position":2,"name":"La Berrea del ciervo"}]},{"@type":"WebSite","@id":"https:\/\/rutasiete.es\/#website","url":"https:\/\/rutasiete.es\/","name":"RutaSiete","description":"Experiencias tur\u00edsticas en 4x4","publisher":{"@id":"https:\/\/rutasiete.es\/#organization"},"potentialAction":[{"@type":"SearchAction","target":{"@type":"EntryPoint","urlTemplate":"https:\/\/rutasiete.es\/?s={search_term_string}"},"query-input":{"@type":"PropertyValueSpecification","valueRequired":true,"valueName":"search_term_string"}}],"inLanguage":"en-GB"},{"@type":"Organization","@id":"https:\/\/rutasiete.es\/#organization","name":"RutaSiete","url":"https:\/\/rutasiete.es\/","logo":{"@type":"ImageObject","inLanguage":"en-GB","@id":"https:\/\/rutasiete.es\/#\/schema\/logo\/image\/","url":"https:\/\/rutasiete.es\/wp-content\/uploads\/2024\/01\/Captura_de_pantalla_2023-12-24_225103-removebg-preview.png","contentUrl":"https:\/\/rutasiete.es\/wp-content\/uploads\/2024\/01\/Captura_de_pantalla_2023-12-24_225103-removebg-preview.png","width":342,"height":161,"caption":"RutaSiete"},"image":{"@id":"https:\/\/rutasiete.es\/#\/schema\/logo\/image\/"},"sameAs":["https:\/\/www.facebook.com\/rutasietecadiz\/","https:\/\/www.instagram.com\/rutasietecadiz\/"]},{"@type":"Person","@id":"https:\/\/rutasiete.es\/#\/schema\/person\/71398a71ba0ac924eb168d8d7f8de6c5","name":"RutaSiete","image":{"@type":"ImageObject","inLanguage":"en-GB","@id":"https:\/\/rutasiete.es\/#\/schema\/person\/image\/","url":"https:\/\/secure.gravatar.com\/avatar\/cc9d13a377e6f188b3113a1e5306794676c9ef7d94d97d7ebbd58a154e507e8f?s=96&d=mm&r=g","contentUrl":"https:\/\/secure.gravatar.com\/avatar\/cc9d13a377e6f188b3113a1e5306794676c9ef7d94d97d7ebbd58a154e507e8f?s=96&d=mm&r=g","caption":"RutaSiete"},"sameAs":["https:\/\/rutasiete.es"],"url":"https:\/\/rutasiete.es\/en\/author\/rutasiete\/"}]}},"uagb_featured_image_src":{"full":["https:\/\/rutasiete.es\/wp-content\/uploads\/2024\/06\/red-deer-green-background-deer-rut-nature-habitat-scaled.jpg",2560,1707,false],"thumbnail":["https:\/\/rutasiete.es\/wp-content\/uploads\/2024\/06\/red-deer-green-background-deer-rut-nature-habitat-150x150.jpg",150,150,true],"medium":["https:\/\/rutasiete.es\/wp-content\/uploads\/2024\/06\/red-deer-green-background-deer-rut-nature-habitat-300x200.jpg",300,200,true],"medium_large":["https:\/\/rutasiete.es\/wp-content\/uploads\/2024\/06\/red-deer-green-background-deer-rut-nature-habitat-scaled.jpg",768,512,false],"large":["https:\/\/rutasiete.es\/wp-content\/uploads\/2024\/06\/red-deer-green-background-deer-rut-nature-habitat-1024x683.jpg",950,634,true],"1536x1536":["https:\/\/rutasiete.es\/wp-content\/uploads\/2024\/06\/red-deer-green-background-deer-rut-nature-habitat-scaled-1536x1024.jpg",1536,1024,true],"2048x2048":["https:\/\/rutasiete.es\/wp-content\/uploads\/2024\/06\/red-deer-green-background-deer-rut-nature-habitat-scaled-2048x1366.jpg",2048,1366,true],"trp-custom-language-flag":["https:\/\/rutasiete.es\/wp-content\/uploads\/2024\/06\/red-deer-green-background-deer-rut-nature-habitat-scaled-18x12.jpg",18,12,true],"inspiro-featured-image":["https:\/\/rutasiete.es\/wp-content\/uploads\/2024\/06\/red-deer-green-background-deer-rut-nature-habitat-2000x1333.jpg",2000,1333,true],"inspiro-loop":["https:\/\/rutasiete.es\/wp-content\/uploads\/2024\/06\/red-deer-green-background-deer-rut-nature-habitat-950x320.jpg",950,320,true],"inspiro-loop@2x":["https:\/\/rutasiete.es\/wp-content\/uploads\/2024\/06\/red-deer-green-background-deer-rut-nature-habitat-1900x640.jpg",1900,640,true]},"uagb_author_info":{"display_name":"RutaSiete","author_link":"https:\/\/rutasiete.es\/en\/author\/rutasiete\/"},"uagb_comment_info":0,"uagb_excerpt":"La berrea es el bramido especial de los ciervos en celo que sucede todos los a\u00f1os pasado el verano, entre finales de septiembre y principios de octubre, lo podemos ver y observar en el t\u00e9rmino municipal de Jerez, concretamente en los Montes de Propios (Parque Natural Los Alcornocales). Nos introducimos en esta finca para vivir&hellip;","_links":{"self":[{"href":"https:\/\/rutasiete.es\/en\/wp-json\/wp\/v2\/posts\/578","targetHints":{"allow":["GET"]}}],"collection":[{"href":"https:\/\/rutasiete.es\/en\/wp-json\/wp\/v2\/posts"}],"about":[{"href":"https:\/\/rutasiete.es\/en\/wp-json\/wp\/v2\/types\/post"}],"author":[{"embeddable":true,"href":"https:\/\/rutasiete.es\/en\/wp-json\/wp\/v2\/users\/1"}],"replies":[{"embeddable":true,"href":"https:\/\/rutasiete.es\/en\/wp-json\/wp\/v2\/comments?post=578"}],"version-history":[{"count":5,"href":"https:\/\/rutasiete.es\/en\/wp-json\/wp\/v2\/posts\/578\/revisions"}],"predecessor-version":[{"id":628,"href":"https:\/\/rutasiete.es\/en\/wp-json\/wp\/v2\/posts\/578\/revisions\/628"}],"wp:featuredmedia":[{"embeddable":true,"href":"https:\/\/rutasiete.es\/en\/wp-json\/wp\/v2\/media\/624"}],"wp:attachment":[{"href":"https:\/\/rutasiete.es\/en\/wp-json\/wp\/v2\/media?parent=578"}],"wp:term":[{"taxonomy":"category","embeddable":true,"href":"https:\/\/rutasiete.es\/en\/wp-json\/wp\/v2\/categories?post=578"},{"taxonomy":"post_tag","embeddable":true,"href":"https:\/\/rutasiete.es\/en\/wp-json\/wp\/v2\/tags?post=578"}],"curies":[{"name":"wp","href":"https:\/\/api.w.org\/{rel}","templated":true}]}}