{"id":586,"date":"2023-08-15T13:05:41","date_gmt":"2023-08-15T13:05:41","guid":{"rendered":"https:\/\/rutasiete.es\/?p=586"},"modified":"2024-06-16T12:20:26","modified_gmt":"2024-06-16T12:20:26","slug":"fiesta-de-la-vendimia-de-jerez-2","status":"publish","type":"post","link":"https:\/\/rutasiete.es\/en\/fiesta-de-la-vendimia-de-jerez-2\/","title":{"rendered":"Vineyards of Jerez in September \u2013 Jerez grape harvest festival"},"content":{"rendered":"<div id=\"news\" class=\"wp-block-group has-global-padding is-layout-constrained wp-block-group-is-layout-constrained\">\n<div style=\"height:33px\" aria-hidden=\"true\" class=\"wp-block-spacer\"><\/div>\n\n\n\n<div class=\"wp-block-query is-layout-flow wp-block-query-is-layout-flow\">\n<div class=\"wp-block-columns alignwide are-vertically-aligned-center is-layout-flex wp-container-core-columns-is-layout-28f84493 wp-block-columns-is-layout-flex\">\n<div class=\"wp-block-column is-layout-flow wp-block-column-is-layout-flow\">\n<figure class=\"wp-block-image size-full is-resized\"><img fetchpriority=\"high\" decoding=\"async\" width=\"2560\" height=\"1920\" src=\"https:\/\/rutasiete.es\/wp-content\/uploads\/2024\/06\/P1180305-1-scaled.jpg\" alt=\"\" class=\"wp-image-633\" style=\"object-fit:cover;width:800px;height:500px\" srcset=\"https:\/\/rutasiete.es\/wp-content\/uploads\/2024\/06\/P1180305-1-scaled.jpg 2560w, https:\/\/rutasiete.es\/wp-content\/uploads\/2024\/06\/P1180305-1-300x225.jpg 300w, https:\/\/rutasiete.es\/wp-content\/uploads\/2024\/06\/P1180305-1-1024x768.jpg 1024w, https:\/\/rutasiete.es\/wp-content\/uploads\/2024\/06\/P1180305-1-2000x1500.jpg 2000w, https:\/\/rutasiete.es\/wp-content\/uploads\/2024\/06\/P1180305-1-scaled-1536x1152.jpg 1536w, https:\/\/rutasiete.es\/wp-content\/uploads\/2024\/06\/P1180305-1-scaled-2048x1536.jpg 2048w, https:\/\/rutasiete.es\/wp-content\/uploads\/2024\/06\/P1180305-1-scaled-16x12.jpg 16w\" sizes=\"(max-width: 2560px) 100vw, 2560px\" \/><\/figure>\n<\/div>\n<\/div>\n\n\n<\/div>\n\n\n\n<div style=\"height:18px\" aria-hidden=\"true\" class=\"wp-block-spacer\"><\/div>\n<\/div>\n\n\n\n<div style=\"height:33px\" aria-hidden=\"true\" class=\"wp-block-spacer\"><\/div>\n\n\n\n<p>En septiembre el Marco de Jerez est\u00e1 en plena vendimia y para festejarlo, como cada a\u00f1o, se celebra la internacionalmente conocida \u00abFiesta de la vendimia de Jerez\u00bb, del 1 al 16 de septiembre, con multitud de eventos entre los que se encuentra la \u00abRuta en 4&#215;4 por las vi\u00f1as del Marco de Jerez\u00bb en turno de ma\u00f1ana y tarde (puesta de sol entre vi\u00f1as), ocasi\u00f3n \u00fanica para realizar un circuito circular y conocer los pagos m\u00e1s emblem\u00e1ticos del Marco, la historia, las caracter\u00edsticas, paisaje, etc. en \u00e9poca de vendimia, para finalizar con un aperitivo y copa de Jerez entre vi\u00f1as.<\/p>\n\n\n\n<div style=\"height:33px\" aria-hidden=\"true\" class=\"wp-block-spacer\"><\/div>","protected":false},"excerpt":{"rendered":"<p>In September, the Marco de Jerez is in full swing and to celebrate it, as every year, the internationally known \u201cJerez Harvest Festival\u201d is held from 1 to 16 September, with a multitude of events including the \u201c4\u00d74 Route through the vineyards of the Marco de Jerez\u201d in turn \u2026 <\/p>\n<p class=\"link-more\"><a href=\"https:\/\/rutasiete.es\/en\/fiesta-de-la-vendimia-de-jerez-2\/\" class=\"more-link\">Read more<span class=\"screen-reader-text\"> \u00abVi\u00f1as de Jerez en septiembre &#8211; Fiesta de la vendimia de Jerez\u00bb<\/span><\/a><\/p>","protected":false},"author":1,"featured_media":633,"comment_status":"closed","ping_status":"open","sticky":false,"template":"","format":"standard","meta":{"_uag_custom_page_level_css":"","footnotes":""},"categories":[1],"tags":[],"class_list":["post-586","post","type-post","status-publish","format-standard","has-post-thumbnail","hentry","category-uncategorized"],"yoast_head":"<!-- This site is optimized with the Yoast SEO plugin v26.2 - https:\/\/yoast.com\/wordpress\/plugins\/seo\/ -->\n<title>Vi\u00f1as de Jerez en septiembre - Fiesta de la vendimia de Jerez - RutaSiete<\/title>\n<meta name=\"robots\" content=\"index, follow, max-snippet:-1, max-image-preview:large, max-video-preview:-1\" \/>\n<link rel=\"canonical\" href=\"https:\/\/rutasiete.es\/en\/fiesta-de-la-vendimia-de-jerez-2\/\" \/>\n<meta property=\"og:locale\" content=\"en_GB\" \/>\n<meta property=\"og:type\" content=\"article\" \/>\n<meta property=\"og:title\" content=\"Vi\u00f1as de Jerez en septiembre - Fiesta de la vendimia de Jerez - RutaSiete\" \/>\n<meta property=\"og:description\" content=\"En septiembre el Marco de Jerez est\u00e1 en plena vendimia y para festejarlo, como cada a\u00f1o, se celebra la internacionalmente conocida \u00abFiesta de la vendimia de Jerez\u00bb, del 1 al 16 de septiembre, con multitud de eventos entre los que se encuentra la \u00abRuta en 4&#215;4 por las vi\u00f1as del Marco de Jerez\u00bb en turno &hellip; Read more &quot;Vi\u00f1as de Jerez en septiembre &#8211; Fiesta de la vendimia de Jerez&quot;\" \/>\n<meta property=\"og:url\" content=\"https:\/\/rutasiete.es\/en\/fiesta-de-la-vendimia-de-jerez-2\/\" \/>\n<meta property=\"og:site_name\" content=\"RutaSiete\" \/>\n<meta property=\"article:publisher\" content=\"https:\/\/www.facebook.com\/rutasietecadiz\/\" \/>\n<meta property=\"article:published_time\" content=\"2023-08-15T13:05:41+00:00\" \/>\n<meta property=\"article:modified_time\" content=\"2024-06-16T12:20:26+00:00\" \/>\n<meta property=\"og:image\" content=\"https:\/\/rutasiete.es\/wp-content\/uploads\/2024\/06\/P1180305-1-scaled.jpg\" \/>\n\t<meta property=\"og:image:width\" content=\"2560\" \/>\n\t<meta property=\"og:image:height\" content=\"1920\" \/>\n\t<meta property=\"og:image:type\" content=\"image\/jpeg\" \/>\n<meta name=\"author\" content=\"RutaSiete\" \/>\n<meta name=\"twitter:card\" content=\"summary_large_image\" \/>\n<meta name=\"twitter:label1\" content=\"Written by\" \/>\n\t<meta name=\"twitter:data1\" content=\"RutaSiete\" \/>\n\t<meta name=\"twitter:label2\" content=\"Estimated reading time\" \/>\n\t<meta name=\"twitter:data2\" content=\"1 minute\" \/>\n<script type=\"application\/ld+json\" class=\"yoast-schema-graph\">{\"@context\":\"https:\/\/schema.org\",\"@graph\":[{\"@type\":\"Article\",\"@id\":\"https:\/\/rutasiete.es\/fiesta-de-la-vendimia-de-jerez-2\/#article\",\"isPartOf\":{\"@id\":\"https:\/\/rutasiete.es\/fiesta-de-la-vendimia-de-jerez-2\/\"},\"author\":{\"name\":\"RutaSiete\",\"@id\":\"https:\/\/rutasiete.es\/#\/schema\/person\/71398a71ba0ac924eb168d8d7f8de6c5\"},\"headline\":\"Vi\u00f1as de Jerez en septiembre &#8211; Fiesta de la vendimia de Jerez\",\"datePublished\":\"2023-08-15T13:05:41+00:00\",\"dateModified\":\"2024-06-16T12:20:26+00:00\",\"mainEntityOfPage\":{\"@id\":\"https:\/\/rutasiete.es\/fiesta-de-la-vendimia-de-jerez-2\/\"},\"wordCount\":123,\"publisher\":{\"@id\":\"https:\/\/rutasiete.es\/#organization\"},\"image\":{\"@id\":\"https:\/\/rutasiete.es\/fiesta-de-la-vendimia-de-jerez-2\/#primaryimage\"},\"thumbnailUrl\":\"https:\/\/rutasiete.es\/wp-content\/uploads\/2024\/06\/P1180305-1-scaled.jpg\",\"articleSection\":[\"Uncategorized\"],\"inLanguage\":\"en-GB\"},{\"@type\":\"WebPage\",\"@id\":\"https:\/\/rutasiete.es\/fiesta-de-la-vendimia-de-jerez-2\/\",\"url\":\"https:\/\/rutasiete.es\/fiesta-de-la-vendimia-de-jerez-2\/\",\"name\":\"Vi\u00f1as de Jerez en septiembre - Fiesta de la vendimia de Jerez - RutaSiete\",\"isPartOf\":{\"@id\":\"https:\/\/rutasiete.es\/#website\"},\"primaryImageOfPage\":{\"@id\":\"https:\/\/rutasiete.es\/fiesta-de-la-vendimia-de-jerez-2\/#primaryimage\"},\"image\":{\"@id\":\"https:\/\/rutasiete.es\/fiesta-de-la-vendimia-de-jerez-2\/#primaryimage\"},\"thumbnailUrl\":\"https:\/\/rutasiete.es\/wp-content\/uploads\/2024\/06\/P1180305-1-scaled.jpg\",\"datePublished\":\"2023-08-15T13:05:41+00:00\",\"dateModified\":\"2024-06-16T12:20:26+00:00\",\"breadcrumb\":{\"@id\":\"https:\/\/rutasiete.es\/fiesta-de-la-vendimia-de-jerez-2\/#breadcrumb\"},\"inLanguage\":\"en-GB\",\"potentialAction\":[{\"@type\":\"ReadAction\",\"target\":[\"https:\/\/rutasiete.es\/fiesta-de-la-vendimia-de-jerez-2\/\"]}]},{\"@type\":\"ImageObject\",\"inLanguage\":\"en-GB\",\"@id\":\"https:\/\/rutasiete.es\/fiesta-de-la-vendimia-de-jerez-2\/#primaryimage\",\"url\":\"https:\/\/rutasiete.es\/wp-content\/uploads\/2024\/06\/P1180305-1-scaled.jpg\",\"contentUrl\":\"https:\/\/rutasiete.es\/wp-content\/uploads\/2024\/06\/P1180305-1-scaled.jpg\",\"width\":2560,\"height\":1920},{\"@type\":\"BreadcrumbList\",\"@id\":\"https:\/\/rutasiete.es\/fiesta-de-la-vendimia-de-jerez-2\/#breadcrumb\",\"itemListElement\":[{\"@type\":\"ListItem\",\"position\":1,\"name\":\"Portada\",\"item\":\"https:\/\/rutasiete.es\/\"},{\"@type\":\"ListItem\",\"position\":2,\"name\":\"Vi\u00f1as de Jerez en septiembre &#8211; Fiesta de la vendimia de Jerez\"}]},{\"@type\":\"WebSite\",\"@id\":\"https:\/\/rutasiete.es\/#website\",\"url\":\"https:\/\/rutasiete.es\/\",\"name\":\"RutaSiete\",\"description\":\"Experiencias tur\u00edsticas en 4x4\",\"publisher\":{\"@id\":\"https:\/\/rutasiete.es\/#organization\"},\"potentialAction\":[{\"@type\":\"SearchAction\",\"target\":{\"@type\":\"EntryPoint\",\"urlTemplate\":\"https:\/\/rutasiete.es\/?s={search_term_string}\"},\"query-input\":{\"@type\":\"PropertyValueSpecification\",\"valueRequired\":true,\"valueName\":\"search_term_string\"}}],\"inLanguage\":\"en-GB\"},{\"@type\":\"Organization\",\"@id\":\"https:\/\/rutasiete.es\/#organization\",\"name\":\"RutaSiete\",\"url\":\"https:\/\/rutasiete.es\/\",\"logo\":{\"@type\":\"ImageObject\",\"inLanguage\":\"en-GB\",\"@id\":\"https:\/\/rutasiete.es\/#\/schema\/logo\/image\/\",\"url\":\"https:\/\/rutasiete.es\/wp-content\/uploads\/2024\/01\/Captura_de_pantalla_2023-12-24_225103-removebg-preview.png\",\"contentUrl\":\"https:\/\/rutasiete.es\/wp-content\/uploads\/2024\/01\/Captura_de_pantalla_2023-12-24_225103-removebg-preview.png\",\"width\":342,\"height\":161,\"caption\":\"RutaSiete\"},\"image\":{\"@id\":\"https:\/\/rutasiete.es\/#\/schema\/logo\/image\/\"},\"sameAs\":[\"https:\/\/www.facebook.com\/rutasietecadiz\/\",\"https:\/\/www.instagram.com\/rutasietecadiz\/\"]},{\"@type\":\"Person\",\"@id\":\"https:\/\/rutasiete.es\/#\/schema\/person\/71398a71ba0ac924eb168d8d7f8de6c5\",\"name\":\"RutaSiete\",\"image\":{\"@type\":\"ImageObject\",\"inLanguage\":\"en-GB\",\"@id\":\"https:\/\/rutasiete.es\/#\/schema\/person\/image\/\",\"url\":\"https:\/\/secure.gravatar.com\/avatar\/cc9d13a377e6f188b3113a1e5306794676c9ef7d94d97d7ebbd58a154e507e8f?s=96&d=mm&r=g\",\"contentUrl\":\"https:\/\/secure.gravatar.com\/avatar\/cc9d13a377e6f188b3113a1e5306794676c9ef7d94d97d7ebbd58a154e507e8f?s=96&d=mm&r=g\",\"caption\":\"RutaSiete\"},\"sameAs\":[\"https:\/\/rutasiete.es\"],\"url\":\"https:\/\/rutasiete.es\/en\/author\/rutasiete\/\"}]}<\/script>\n<!-- \/ Yoast SEO plugin. -->","yoast_head_json":{"title":"Vi\u00f1as de Jerez en septiembre - Fiesta de la vendimia de Jerez - RutaSiete","robots":{"index":"index","follow":"follow","max-snippet":"max-snippet:-1","max-image-preview":"max-image-preview:large","max-video-preview":"max-video-preview:-1"},"canonical":"https:\/\/rutasiete.es\/en\/fiesta-de-la-vendimia-de-jerez-2\/","og_locale":"en_GB","og_type":"article","og_title":"Vi\u00f1as de Jerez en septiembre - Fiesta de la vendimia de Jerez - RutaSiete","og_description":"En septiembre el Marco de Jerez est\u00e1 en plena vendimia y para festejarlo, como cada a\u00f1o, se celebra la internacionalmente conocida \u00abFiesta de la vendimia de Jerez\u00bb, del 1 al 16 de septiembre, con multitud de eventos entre los que se encuentra la \u00abRuta en 4&#215;4 por las vi\u00f1as del Marco de Jerez\u00bb en turno &hellip; Read more \"Vi\u00f1as de Jerez en septiembre &#8211; Fiesta de la vendimia de Jerez\"","og_url":"https:\/\/rutasiete.es\/en\/fiesta-de-la-vendimia-de-jerez-2\/","og_site_name":"RutaSiete","article_publisher":"https:\/\/www.facebook.com\/rutasietecadiz\/","article_published_time":"2023-08-15T13:05:41+00:00","article_modified_time":"2024-06-16T12:20:26+00:00","og_image":[{"width":2560,"height":1920,"url":"https:\/\/rutasiete.es\/wp-content\/uploads\/2024\/06\/P1180305-1-scaled.jpg","type":"image\/jpeg"}],"author":"RutaSiete","twitter_card":"summary_large_image","twitter_misc":{"Written by":"RutaSiete","Estimated reading time":"1 minute"},"schema":{"@context":"https:\/\/schema.org","@graph":[{"@type":"Article","@id":"https:\/\/rutasiete.es\/fiesta-de-la-vendimia-de-jerez-2\/#article","isPartOf":{"@id":"https:\/\/rutasiete.es\/fiesta-de-la-vendimia-de-jerez-2\/"},"author":{"name":"RutaSiete","@id":"https:\/\/rutasiete.es\/#\/schema\/person\/71398a71ba0ac924eb168d8d7f8de6c5"},"headline":"Vi\u00f1as de Jerez en septiembre &#8211; Fiesta de la vendimia de Jerez","datePublished":"2023-08-15T13:05:41+00:00","dateModified":"2024-06-16T12:20:26+00:00","mainEntityOfPage":{"@id":"https:\/\/rutasiete.es\/fiesta-de-la-vendimia-de-jerez-2\/"},"wordCount":123,"publisher":{"@id":"https:\/\/rutasiete.es\/#organization"},"image":{"@id":"https:\/\/rutasiete.es\/fiesta-de-la-vendimia-de-jerez-2\/#primaryimage"},"thumbnailUrl":"https:\/\/rutasiete.es\/wp-content\/uploads\/2024\/06\/P1180305-1-scaled.jpg","articleSection":["Uncategorized"],"inLanguage":"en-GB"},{"@type":"WebPage","@id":"https:\/\/rutasiete.es\/fiesta-de-la-vendimia-de-jerez-2\/","url":"https:\/\/rutasiete.es\/fiesta-de-la-vendimia-de-jerez-2\/","name":"Vi\u00f1as de Jerez en septiembre - Fiesta de la vendimia de Jerez - RutaSiete","isPartOf":{"@id":"https:\/\/rutasiete.es\/#website"},"primaryImageOfPage":{"@id":"https:\/\/rutasiete.es\/fiesta-de-la-vendimia-de-jerez-2\/#primaryimage"},"image":{"@id":"https:\/\/rutasiete.es\/fiesta-de-la-vendimia-de-jerez-2\/#primaryimage"},"thumbnailUrl":"https:\/\/rutasiete.es\/wp-content\/uploads\/2024\/06\/P1180305-1-scaled.jpg","datePublished":"2023-08-15T13:05:41+00:00","dateModified":"2024-06-16T12:20:26+00:00","breadcrumb":{"@id":"https:\/\/rutasiete.es\/fiesta-de-la-vendimia-de-jerez-2\/#breadcrumb"},"inLanguage":"en-GB","potentialAction":[{"@type":"ReadAction","target":["https:\/\/rutasiete.es\/fiesta-de-la-vendimia-de-jerez-2\/"]}]},{"@type":"ImageObject","inLanguage":"en-GB","@id":"https:\/\/rutasiete.es\/fiesta-de-la-vendimia-de-jerez-2\/#primaryimage","url":"https:\/\/rutasiete.es\/wp-content\/uploads\/2024\/06\/P1180305-1-scaled.jpg","contentUrl":"https:\/\/rutasiete.es\/wp-content\/uploads\/2024\/06\/P1180305-1-scaled.jpg","width":2560,"height":1920},{"@type":"BreadcrumbList","@id":"https:\/\/rutasiete.es\/fiesta-de-la-vendimia-de-jerez-2\/#breadcrumb","itemListElement":[{"@type":"ListItem","position":1,"name":"Portada","item":"https:\/\/rutasiete.es\/"},{"@type":"ListItem","position":2,"name":"Vi\u00f1as de Jerez en septiembre &#8211; Fiesta de la vendimia de Jerez"}]},{"@type":"WebSite","@id":"https:\/\/rutasiete.es\/#website","url":"https:\/\/rutasiete.es\/","name":"RutaSiete","description":"Experiencias tur\u00edsticas en 4x4","publisher":{"@id":"https:\/\/rutasiete.es\/#organization"},"potentialAction":[{"@type":"SearchAction","target":{"@type":"EntryPoint","urlTemplate":"https:\/\/rutasiete.es\/?s={search_term_string}"},"query-input":{"@type":"PropertyValueSpecification","valueRequired":true,"valueName":"search_term_string"}}],"inLanguage":"en-GB"},{"@type":"Organization","@id":"https:\/\/rutasiete.es\/#organization","name":"RutaSiete","url":"https:\/\/rutasiete.es\/","logo":{"@type":"ImageObject","inLanguage":"en-GB","@id":"https:\/\/rutasiete.es\/#\/schema\/logo\/image\/","url":"https:\/\/rutasiete.es\/wp-content\/uploads\/2024\/01\/Captura_de_pantalla_2023-12-24_225103-removebg-preview.png","contentUrl":"https:\/\/rutasiete.es\/wp-content\/uploads\/2024\/01\/Captura_de_pantalla_2023-12-24_225103-removebg-preview.png","width":342,"height":161,"caption":"RutaSiete"},"image":{"@id":"https:\/\/rutasiete.es\/#\/schema\/logo\/image\/"},"sameAs":["https:\/\/www.facebook.com\/rutasietecadiz\/","https:\/\/www.instagram.com\/rutasietecadiz\/"]},{"@type":"Person","@id":"https:\/\/rutasiete.es\/#\/schema\/person\/71398a71ba0ac924eb168d8d7f8de6c5","name":"RutaSiete","image":{"@type":"ImageObject","inLanguage":"en-GB","@id":"https:\/\/rutasiete.es\/#\/schema\/person\/image\/","url":"https:\/\/secure.gravatar.com\/avatar\/cc9d13a377e6f188b3113a1e5306794676c9ef7d94d97d7ebbd58a154e507e8f?s=96&d=mm&r=g","contentUrl":"https:\/\/secure.gravatar.com\/avatar\/cc9d13a377e6f188b3113a1e5306794676c9ef7d94d97d7ebbd58a154e507e8f?s=96&d=mm&r=g","caption":"RutaSiete"},"sameAs":["https:\/\/rutasiete.es"],"url":"https:\/\/rutasiete.es\/en\/author\/rutasiete\/"}]}},"uagb_featured_image_src":{"full":["https:\/\/rutasiete.es\/wp-content\/uploads\/2024\/06\/P1180305-1-scaled.jpg",2560,1920,false],"thumbnail":["https:\/\/rutasiete.es\/wp-content\/uploads\/2024\/06\/P1180305-1-150x150.jpg",150,150,true],"medium":["https:\/\/rutasiete.es\/wp-content\/uploads\/2024\/06\/P1180305-1-300x225.jpg",300,225,true],"medium_large":["https:\/\/rutasiete.es\/wp-content\/uploads\/2024\/06\/P1180305-1-scaled.jpg",768,576,false],"large":["https:\/\/rutasiete.es\/wp-content\/uploads\/2024\/06\/P1180305-1-1024x768.jpg",950,713,true],"1536x1536":["https:\/\/rutasiete.es\/wp-content\/uploads\/2024\/06\/P1180305-1-scaled-1536x1152.jpg",1536,1152,true],"2048x2048":["https:\/\/rutasiete.es\/wp-content\/uploads\/2024\/06\/P1180305-1-scaled-2048x1536.jpg",2048,1536,true],"trp-custom-language-flag":["https:\/\/rutasiete.es\/wp-content\/uploads\/2024\/06\/P1180305-1-scaled-16x12.jpg",16,12,true],"inspiro-featured-image":["https:\/\/rutasiete.es\/wp-content\/uploads\/2024\/06\/P1180305-1-2000x1500.jpg",2000,1500,true],"inspiro-loop":["https:\/\/rutasiete.es\/wp-content\/uploads\/2024\/06\/P1180305-1-950x320.jpg",950,320,true],"inspiro-loop@2x":["https:\/\/rutasiete.es\/wp-content\/uploads\/2024\/06\/P1180305-1-1900x640.jpg",1900,640,true]},"uagb_author_info":{"display_name":"RutaSiete","author_link":"https:\/\/rutasiete.es\/en\/author\/rutasiete\/"},"uagb_comment_info":0,"uagb_excerpt":"En septiembre el Marco de Jerez est\u00e1 en plena vendimia y para festejarlo, como cada a\u00f1o, se celebra la internacionalmente conocida \u00abFiesta de la vendimia de Jerez\u00bb, del 1 al 16 de septiembre, con multitud de eventos entre los que se encuentra la \u00abRuta en 4&#215;4 por las vi\u00f1as del Marco de Jerez\u00bb en turno&hellip;","_links":{"self":[{"href":"https:\/\/rutasiete.es\/en\/wp-json\/wp\/v2\/posts\/586","targetHints":{"allow":["GET"]}}],"collection":[{"href":"https:\/\/rutasiete.es\/en\/wp-json\/wp\/v2\/posts"}],"about":[{"href":"https:\/\/rutasiete.es\/en\/wp-json\/wp\/v2\/types\/post"}],"author":[{"embeddable":true,"href":"https:\/\/rutasiete.es\/en\/wp-json\/wp\/v2\/users\/1"}],"replies":[{"embeddable":true,"href":"https:\/\/rutasiete.es\/en\/wp-json\/wp\/v2\/comments?post=586"}],"version-history":[{"count":4,"href":"https:\/\/rutasiete.es\/en\/wp-json\/wp\/v2\/posts\/586\/revisions"}],"predecessor-version":[{"id":658,"href":"https:\/\/rutasiete.es\/en\/wp-json\/wp\/v2\/posts\/586\/revisions\/658"}],"wp:featuredmedia":[{"embeddable":true,"href":"https:\/\/rutasiete.es\/en\/wp-json\/wp\/v2\/media\/633"}],"wp:attachment":[{"href":"https:\/\/rutasiete.es\/en\/wp-json\/wp\/v2\/media?parent=586"}],"wp:term":[{"taxonomy":"category","embeddable":true,"href":"https:\/\/rutasiete.es\/en\/wp-json\/wp\/v2\/categories?post=586"},{"taxonomy":"post_tag","embeddable":true,"href":"https:\/\/rutasiete.es\/en\/wp-json\/wp\/v2\/tags?post=586"}],"curies":[{"name":"wp","href":"https:\/\/api.w.org\/{rel}","templated":true}]}}