{"id":593,"date":"2023-03-20T13:03:50","date_gmt":"2023-03-20T13:03:50","guid":{"rendered":"https:\/\/rutasiete.es\/?p=593"},"modified":"2024-06-16T12:11:28","modified_gmt":"2024-06-16T12:11:28","slug":"los-alcornocales-montes-de-propios-de-jerez-2","status":"publish","type":"post","link":"https:\/\/rutasiete.es\/en\/los-alcornocales-montes-de-propios-de-jerez-2\/","title":{"rendered":"Los Alcornocales &#8211; Montes de Propios de Jerez #3"},"content":{"rendered":"<div id=\"news\" class=\"wp-block-group has-global-padding is-layout-constrained wp-block-group-is-layout-constrained\">\n<div style=\"height:33px\" aria-hidden=\"true\" class=\"wp-block-spacer\"><\/div>\n\n\n\n<div class=\"wp-block-query is-layout-flow wp-block-query-is-layout-flow\">\n<div class=\"wp-block-columns alignwide are-vertically-aligned-center is-layout-flex wp-container-core-columns-is-layout-28f84493 wp-block-columns-is-layout-flex\">\n<div class=\"wp-block-column is-layout-flow wp-block-column-is-layout-flow\">\n<figure class=\"wp-block-image size-full is-resized\"><img fetchpriority=\"high\" decoding=\"async\" width=\"960\" height=\"720\" src=\"https:\/\/rutasiete.es\/wp-content\/uploads\/2024\/06\/12092573_10153720856327642_297739554_n.jpg\" alt=\"\" class=\"wp-image-496\" style=\"object-fit:cover;width:800px;height:500px\" srcset=\"https:\/\/rutasiete.es\/wp-content\/uploads\/2024\/06\/12092573_10153720856327642_297739554_n.jpg 960w, https:\/\/rutasiete.es\/wp-content\/uploads\/2024\/06\/12092573_10153720856327642_297739554_n-300x225.jpg 300w, https:\/\/rutasiete.es\/wp-content\/uploads\/2024\/06\/12092573_10153720856327642_297739554_n-16x12.jpg 16w\" sizes=\"(max-width: 960px) 100vw, 960px\" \/><\/figure>\n<\/div>\n<\/div>\n\n\n<\/div>\n\n\n\n<div style=\"height:18px\" aria-hidden=\"true\" class=\"wp-block-spacer\"><\/div>\n<\/div>\n\n\n\n<div style=\"height:33px\" aria-hidden=\"true\" class=\"wp-block-spacer\"><\/div>\n\n\n\n<p id=\"8jlih\">Despu\u00e9s de varias jornadas por la nueva ruta GR7 &#8211; Los Alcornocales (sur) &#8211; Tarifa, volvemos a la ya cl\u00e1sica ruta por Los Alcornocales (norte) &#8211; Montes de Propios de Jerez, concretamente el d\u00eda domingo 18 de marzo, se trata de una ruta en el interior de una finca acotada de 6.000 h y dentro del Parque Natural, todo un privilegio para poder observar los diversos ecosistemas del Parque con su vegetaci\u00f3n y animales m\u00e1s representativos.<\/p>\n\n\n\n<p id=\"986ut\">La ruta parte de Jerez y desde que comenzamos vamos interpretando los diversos paisajes: vi\u00f1as, la vega del Guadalete, campi\u00f1a, dehesas, embalses, etc. hasta que entramos en la finca y recorremos su interior durante varias horas muy despacio y realizando paradas y breves senderos para introducirnos en la \u00ab\u00daltima selva mediterr\u00e1nea\u00bb.<\/p>\n\n\n\n<p id=\"8geo5\">Solicita ficha t\u00e9cnica con los detalles a salvador@rutasiete.es<\/p>\n\n\n\n<p id=\"s8qto\">Esta ruta (y todas las de rutasiete), la puedes realizar personalizada y en exclusividad, consulta disponibilidad y precios.<\/p>\n\n\n\n<div style=\"height:33px\" aria-hidden=\"true\" class=\"wp-block-spacer\"><\/div>","protected":false},"excerpt":{"rendered":"<p>After several days on the new GR7 route \u2013 Los Alcornocales (south) \u2013 Tarifa, we return to the classic route through Los Alcornocales (north) \u2013 Montes de Propios de Jerez, specifically on Sunday, March 18, it is a route inside a fenced estate of 6,000 hectares and within \u2026 <\/p>\n<p class=\"link-more\"><a href=\"https:\/\/rutasiete.es\/en\/los-alcornocales-montes-de-propios-de-jerez-2\/\" class=\"more-link\">Read more<span class=\"screen-reader-text\"> \u00abLos Alcornocales &#8211; Montes de Propios de Jerez #3\u00bb<\/span><\/a><\/p>","protected":false},"author":1,"featured_media":496,"comment_status":"closed","ping_status":"open","sticky":false,"template":"","format":"standard","meta":{"_uag_custom_page_level_css":"","footnotes":""},"categories":[1],"tags":[],"class_list":["post-593","post","type-post","status-publish","format-standard","has-post-thumbnail","hentry","category-uncategorized"],"yoast_head":"<!-- This site is optimized with the Yoast SEO plugin v26.2 - https:\/\/yoast.com\/wordpress\/plugins\/seo\/ -->\n<title>Los Alcornocales - Montes de Propios de Jerez #3 - RutaSiete<\/title>\n<meta name=\"robots\" content=\"index, follow, max-snippet:-1, max-image-preview:large, max-video-preview:-1\" \/>\n<link rel=\"canonical\" href=\"https:\/\/rutasiete.es\/en\/los-alcornocales-montes-de-propios-de-jerez-2\/\" \/>\n<meta property=\"og:locale\" content=\"en_GB\" \/>\n<meta property=\"og:type\" content=\"article\" \/>\n<meta property=\"og:title\" content=\"Los Alcornocales - Montes de Propios de Jerez #3 - RutaSiete\" \/>\n<meta property=\"og:description\" content=\"Despu\u00e9s de varias jornadas por la nueva ruta GR7 &#8211; Los Alcornocales (sur) &#8211; Tarifa, volvemos a la ya cl\u00e1sica ruta por Los Alcornocales (norte) &#8211; Montes de Propios de Jerez, concretamente el d\u00eda domingo 18 de marzo, se trata de una ruta en el interior de una finca acotada de 6.000 h y dentro &hellip; Read more &quot;Los Alcornocales &#8211; Montes de Propios de Jerez #3&quot;\" \/>\n<meta property=\"og:url\" content=\"https:\/\/rutasiete.es\/en\/los-alcornocales-montes-de-propios-de-jerez-2\/\" \/>\n<meta property=\"og:site_name\" content=\"RutaSiete\" \/>\n<meta property=\"article:publisher\" content=\"https:\/\/www.facebook.com\/rutasietecadiz\/\" \/>\n<meta property=\"article:published_time\" content=\"2023-03-20T13:03:50+00:00\" \/>\n<meta property=\"article:modified_time\" content=\"2024-06-16T12:11:28+00:00\" \/>\n<meta property=\"og:image\" content=\"https:\/\/rutasiete.es\/wp-content\/uploads\/2024\/06\/12092573_10153720856327642_297739554_n.jpg\" \/>\n\t<meta property=\"og:image:width\" content=\"960\" \/>\n\t<meta property=\"og:image:height\" content=\"720\" \/>\n\t<meta property=\"og:image:type\" content=\"image\/jpeg\" \/>\n<meta name=\"author\" content=\"RutaSiete\" \/>\n<meta name=\"twitter:card\" content=\"summary_large_image\" \/>\n<meta name=\"twitter:label1\" content=\"Written by\" \/>\n\t<meta name=\"twitter:data1\" content=\"RutaSiete\" \/>\n\t<meta name=\"twitter:label2\" content=\"Estimated reading time\" \/>\n\t<meta name=\"twitter:data2\" content=\"1 minute\" \/>\n<script type=\"application\/ld+json\" class=\"yoast-schema-graph\">{\"@context\":\"https:\/\/schema.org\",\"@graph\":[{\"@type\":\"Article\",\"@id\":\"https:\/\/rutasiete.es\/los-alcornocales-montes-de-propios-de-jerez-2\/#article\",\"isPartOf\":{\"@id\":\"https:\/\/rutasiete.es\/los-alcornocales-montes-de-propios-de-jerez-2\/\"},\"author\":{\"name\":\"RutaSiete\",\"@id\":\"https:\/\/rutasiete.es\/#\/schema\/person\/71398a71ba0ac924eb168d8d7f8de6c5\"},\"headline\":\"Los Alcornocales &#8211; Montes de Propios de Jerez #3\",\"datePublished\":\"2023-03-20T13:03:50+00:00\",\"dateModified\":\"2024-06-16T12:11:28+00:00\",\"mainEntityOfPage\":{\"@id\":\"https:\/\/rutasiete.es\/los-alcornocales-montes-de-propios-de-jerez-2\/\"},\"wordCount\":173,\"publisher\":{\"@id\":\"https:\/\/rutasiete.es\/#organization\"},\"image\":{\"@id\":\"https:\/\/rutasiete.es\/los-alcornocales-montes-de-propios-de-jerez-2\/#primaryimage\"},\"thumbnailUrl\":\"https:\/\/rutasiete.es\/wp-content\/uploads\/2024\/06\/12092573_10153720856327642_297739554_n.jpg\",\"articleSection\":[\"Uncategorized\"],\"inLanguage\":\"en-GB\"},{\"@type\":\"WebPage\",\"@id\":\"https:\/\/rutasiete.es\/los-alcornocales-montes-de-propios-de-jerez-2\/\",\"url\":\"https:\/\/rutasiete.es\/los-alcornocales-montes-de-propios-de-jerez-2\/\",\"name\":\"Los Alcornocales - Montes de Propios de Jerez #3 - RutaSiete\",\"isPartOf\":{\"@id\":\"https:\/\/rutasiete.es\/#website\"},\"primaryImageOfPage\":{\"@id\":\"https:\/\/rutasiete.es\/los-alcornocales-montes-de-propios-de-jerez-2\/#primaryimage\"},\"image\":{\"@id\":\"https:\/\/rutasiete.es\/los-alcornocales-montes-de-propios-de-jerez-2\/#primaryimage\"},\"thumbnailUrl\":\"https:\/\/rutasiete.es\/wp-content\/uploads\/2024\/06\/12092573_10153720856327642_297739554_n.jpg\",\"datePublished\":\"2023-03-20T13:03:50+00:00\",\"dateModified\":\"2024-06-16T12:11:28+00:00\",\"breadcrumb\":{\"@id\":\"https:\/\/rutasiete.es\/los-alcornocales-montes-de-propios-de-jerez-2\/#breadcrumb\"},\"inLanguage\":\"en-GB\",\"potentialAction\":[{\"@type\":\"ReadAction\",\"target\":[\"https:\/\/rutasiete.es\/los-alcornocales-montes-de-propios-de-jerez-2\/\"]}]},{\"@type\":\"ImageObject\",\"inLanguage\":\"en-GB\",\"@id\":\"https:\/\/rutasiete.es\/los-alcornocales-montes-de-propios-de-jerez-2\/#primaryimage\",\"url\":\"https:\/\/rutasiete.es\/wp-content\/uploads\/2024\/06\/12092573_10153720856327642_297739554_n.jpg\",\"contentUrl\":\"https:\/\/rutasiete.es\/wp-content\/uploads\/2024\/06\/12092573_10153720856327642_297739554_n.jpg\",\"width\":960,\"height\":720},{\"@type\":\"BreadcrumbList\",\"@id\":\"https:\/\/rutasiete.es\/los-alcornocales-montes-de-propios-de-jerez-2\/#breadcrumb\",\"itemListElement\":[{\"@type\":\"ListItem\",\"position\":1,\"name\":\"Portada\",\"item\":\"https:\/\/rutasiete.es\/\"},{\"@type\":\"ListItem\",\"position\":2,\"name\":\"Los Alcornocales &#8211; Montes de Propios de Jerez #3\"}]},{\"@type\":\"WebSite\",\"@id\":\"https:\/\/rutasiete.es\/#website\",\"url\":\"https:\/\/rutasiete.es\/\",\"name\":\"RutaSiete\",\"description\":\"Experiencias tur\u00edsticas en 4x4\",\"publisher\":{\"@id\":\"https:\/\/rutasiete.es\/#organization\"},\"potentialAction\":[{\"@type\":\"SearchAction\",\"target\":{\"@type\":\"EntryPoint\",\"urlTemplate\":\"https:\/\/rutasiete.es\/?s={search_term_string}\"},\"query-input\":{\"@type\":\"PropertyValueSpecification\",\"valueRequired\":true,\"valueName\":\"search_term_string\"}}],\"inLanguage\":\"en-GB\"},{\"@type\":\"Organization\",\"@id\":\"https:\/\/rutasiete.es\/#organization\",\"name\":\"RutaSiete\",\"url\":\"https:\/\/rutasiete.es\/\",\"logo\":{\"@type\":\"ImageObject\",\"inLanguage\":\"en-GB\",\"@id\":\"https:\/\/rutasiete.es\/#\/schema\/logo\/image\/\",\"url\":\"https:\/\/rutasiete.es\/wp-content\/uploads\/2024\/01\/Captura_de_pantalla_2023-12-24_225103-removebg-preview.png\",\"contentUrl\":\"https:\/\/rutasiete.es\/wp-content\/uploads\/2024\/01\/Captura_de_pantalla_2023-12-24_225103-removebg-preview.png\",\"width\":342,\"height\":161,\"caption\":\"RutaSiete\"},\"image\":{\"@id\":\"https:\/\/rutasiete.es\/#\/schema\/logo\/image\/\"},\"sameAs\":[\"https:\/\/www.facebook.com\/rutasietecadiz\/\",\"https:\/\/www.instagram.com\/rutasietecadiz\/\"]},{\"@type\":\"Person\",\"@id\":\"https:\/\/rutasiete.es\/#\/schema\/person\/71398a71ba0ac924eb168d8d7f8de6c5\",\"name\":\"RutaSiete\",\"image\":{\"@type\":\"ImageObject\",\"inLanguage\":\"en-GB\",\"@id\":\"https:\/\/rutasiete.es\/#\/schema\/person\/image\/\",\"url\":\"https:\/\/secure.gravatar.com\/avatar\/cc9d13a377e6f188b3113a1e5306794676c9ef7d94d97d7ebbd58a154e507e8f?s=96&d=mm&r=g\",\"contentUrl\":\"https:\/\/secure.gravatar.com\/avatar\/cc9d13a377e6f188b3113a1e5306794676c9ef7d94d97d7ebbd58a154e507e8f?s=96&d=mm&r=g\",\"caption\":\"RutaSiete\"},\"sameAs\":[\"https:\/\/rutasiete.es\"],\"url\":\"https:\/\/rutasiete.es\/en\/author\/rutasiete\/\"}]}<\/script>\n<!-- \/ Yoast SEO plugin. -->","yoast_head_json":{"title":"Los Alcornocales - Montes de Propios de Jerez #3 - RutaSiete","robots":{"index":"index","follow":"follow","max-snippet":"max-snippet:-1","max-image-preview":"max-image-preview:large","max-video-preview":"max-video-preview:-1"},"canonical":"https:\/\/rutasiete.es\/en\/los-alcornocales-montes-de-propios-de-jerez-2\/","og_locale":"en_GB","og_type":"article","og_title":"Los Alcornocales - Montes de Propios de Jerez #3 - RutaSiete","og_description":"Despu\u00e9s de varias jornadas por la nueva ruta GR7 &#8211; Los Alcornocales (sur) &#8211; Tarifa, volvemos a la ya cl\u00e1sica ruta por Los Alcornocales (norte) &#8211; Montes de Propios de Jerez, concretamente el d\u00eda domingo 18 de marzo, se trata de una ruta en el interior de una finca acotada de 6.000 h y dentro &hellip; Read more \"Los Alcornocales &#8211; Montes de Propios de Jerez #3\"","og_url":"https:\/\/rutasiete.es\/en\/los-alcornocales-montes-de-propios-de-jerez-2\/","og_site_name":"RutaSiete","article_publisher":"https:\/\/www.facebook.com\/rutasietecadiz\/","article_published_time":"2023-03-20T13:03:50+00:00","article_modified_time":"2024-06-16T12:11:28+00:00","og_image":[{"width":960,"height":720,"url":"https:\/\/rutasiete.es\/wp-content\/uploads\/2024\/06\/12092573_10153720856327642_297739554_n.jpg","type":"image\/jpeg"}],"author":"RutaSiete","twitter_card":"summary_large_image","twitter_misc":{"Written by":"RutaSiete","Estimated reading time":"1 minute"},"schema":{"@context":"https:\/\/schema.org","@graph":[{"@type":"Article","@id":"https:\/\/rutasiete.es\/los-alcornocales-montes-de-propios-de-jerez-2\/#article","isPartOf":{"@id":"https:\/\/rutasiete.es\/los-alcornocales-montes-de-propios-de-jerez-2\/"},"author":{"name":"RutaSiete","@id":"https:\/\/rutasiete.es\/#\/schema\/person\/71398a71ba0ac924eb168d8d7f8de6c5"},"headline":"Los Alcornocales &#8211; Montes de Propios de Jerez #3","datePublished":"2023-03-20T13:03:50+00:00","dateModified":"2024-06-16T12:11:28+00:00","mainEntityOfPage":{"@id":"https:\/\/rutasiete.es\/los-alcornocales-montes-de-propios-de-jerez-2\/"},"wordCount":173,"publisher":{"@id":"https:\/\/rutasiete.es\/#organization"},"image":{"@id":"https:\/\/rutasiete.es\/los-alcornocales-montes-de-propios-de-jerez-2\/#primaryimage"},"thumbnailUrl":"https:\/\/rutasiete.es\/wp-content\/uploads\/2024\/06\/12092573_10153720856327642_297739554_n.jpg","articleSection":["Uncategorized"],"inLanguage":"en-GB"},{"@type":"WebPage","@id":"https:\/\/rutasiete.es\/los-alcornocales-montes-de-propios-de-jerez-2\/","url":"https:\/\/rutasiete.es\/los-alcornocales-montes-de-propios-de-jerez-2\/","name":"Los Alcornocales - Montes de Propios de Jerez #3 - RutaSiete","isPartOf":{"@id":"https:\/\/rutasiete.es\/#website"},"primaryImageOfPage":{"@id":"https:\/\/rutasiete.es\/los-alcornocales-montes-de-propios-de-jerez-2\/#primaryimage"},"image":{"@id":"https:\/\/rutasiete.es\/los-alcornocales-montes-de-propios-de-jerez-2\/#primaryimage"},"thumbnailUrl":"https:\/\/rutasiete.es\/wp-content\/uploads\/2024\/06\/12092573_10153720856327642_297739554_n.jpg","datePublished":"2023-03-20T13:03:50+00:00","dateModified":"2024-06-16T12:11:28+00:00","breadcrumb":{"@id":"https:\/\/rutasiete.es\/los-alcornocales-montes-de-propios-de-jerez-2\/#breadcrumb"},"inLanguage":"en-GB","potentialAction":[{"@type":"ReadAction","target":["https:\/\/rutasiete.es\/los-alcornocales-montes-de-propios-de-jerez-2\/"]}]},{"@type":"ImageObject","inLanguage":"en-GB","@id":"https:\/\/rutasiete.es\/los-alcornocales-montes-de-propios-de-jerez-2\/#primaryimage","url":"https:\/\/rutasiete.es\/wp-content\/uploads\/2024\/06\/12092573_10153720856327642_297739554_n.jpg","contentUrl":"https:\/\/rutasiete.es\/wp-content\/uploads\/2024\/06\/12092573_10153720856327642_297739554_n.jpg","width":960,"height":720},{"@type":"BreadcrumbList","@id":"https:\/\/rutasiete.es\/los-alcornocales-montes-de-propios-de-jerez-2\/#breadcrumb","itemListElement":[{"@type":"ListItem","position":1,"name":"Portada","item":"https:\/\/rutasiete.es\/"},{"@type":"ListItem","position":2,"name":"Los Alcornocales &#8211; Montes de Propios de Jerez #3"}]},{"@type":"WebSite","@id":"https:\/\/rutasiete.es\/#website","url":"https:\/\/rutasiete.es\/","name":"RutaSiete","description":"Experiencias tur\u00edsticas en 4x4","publisher":{"@id":"https:\/\/rutasiete.es\/#organization"},"potentialAction":[{"@type":"SearchAction","target":{"@type":"EntryPoint","urlTemplate":"https:\/\/rutasiete.es\/?s={search_term_string}"},"query-input":{"@type":"PropertyValueSpecification","valueRequired":true,"valueName":"search_term_string"}}],"inLanguage":"en-GB"},{"@type":"Organization","@id":"https:\/\/rutasiete.es\/#organization","name":"RutaSiete","url":"https:\/\/rutasiete.es\/","logo":{"@type":"ImageObject","inLanguage":"en-GB","@id":"https:\/\/rutasiete.es\/#\/schema\/logo\/image\/","url":"https:\/\/rutasiete.es\/wp-content\/uploads\/2024\/01\/Captura_de_pantalla_2023-12-24_225103-removebg-preview.png","contentUrl":"https:\/\/rutasiete.es\/wp-content\/uploads\/2024\/01\/Captura_de_pantalla_2023-12-24_225103-removebg-preview.png","width":342,"height":161,"caption":"RutaSiete"},"image":{"@id":"https:\/\/rutasiete.es\/#\/schema\/logo\/image\/"},"sameAs":["https:\/\/www.facebook.com\/rutasietecadiz\/","https:\/\/www.instagram.com\/rutasietecadiz\/"]},{"@type":"Person","@id":"https:\/\/rutasiete.es\/#\/schema\/person\/71398a71ba0ac924eb168d8d7f8de6c5","name":"RutaSiete","image":{"@type":"ImageObject","inLanguage":"en-GB","@id":"https:\/\/rutasiete.es\/#\/schema\/person\/image\/","url":"https:\/\/secure.gravatar.com\/avatar\/cc9d13a377e6f188b3113a1e5306794676c9ef7d94d97d7ebbd58a154e507e8f?s=96&d=mm&r=g","contentUrl":"https:\/\/secure.gravatar.com\/avatar\/cc9d13a377e6f188b3113a1e5306794676c9ef7d94d97d7ebbd58a154e507e8f?s=96&d=mm&r=g","caption":"RutaSiete"},"sameAs":["https:\/\/rutasiete.es"],"url":"https:\/\/rutasiete.es\/en\/author\/rutasiete\/"}]}},"uagb_featured_image_src":{"full":["https:\/\/rutasiete.es\/wp-content\/uploads\/2024\/06\/12092573_10153720856327642_297739554_n.jpg",960,720,false],"thumbnail":["https:\/\/rutasiete.es\/wp-content\/uploads\/2024\/06\/12092573_10153720856327642_297739554_n-150x150.jpg",150,150,true],"medium":["https:\/\/rutasiete.es\/wp-content\/uploads\/2024\/06\/12092573_10153720856327642_297739554_n-300x225.jpg",300,225,true],"medium_large":["https:\/\/rutasiete.es\/wp-content\/uploads\/2024\/06\/12092573_10153720856327642_297739554_n.jpg",768,576,false],"large":["https:\/\/rutasiete.es\/wp-content\/uploads\/2024\/06\/12092573_10153720856327642_297739554_n.jpg",950,713,false],"1536x1536":["https:\/\/rutasiete.es\/wp-content\/uploads\/2024\/06\/12092573_10153720856327642_297739554_n.jpg",960,720,false],"2048x2048":["https:\/\/rutasiete.es\/wp-content\/uploads\/2024\/06\/12092573_10153720856327642_297739554_n.jpg",960,720,false],"trp-custom-language-flag":["https:\/\/rutasiete.es\/wp-content\/uploads\/2024\/06\/12092573_10153720856327642_297739554_n-16x12.jpg",16,12,true],"inspiro-featured-image":["https:\/\/rutasiete.es\/wp-content\/uploads\/2024\/06\/12092573_10153720856327642_297739554_n.jpg",960,720,false],"inspiro-loop":["https:\/\/rutasiete.es\/wp-content\/uploads\/2024\/06\/12092573_10153720856327642_297739554_n-950x320.jpg",950,320,true],"inspiro-loop@2x":["https:\/\/rutasiete.es\/wp-content\/uploads\/2024\/06\/12092573_10153720856327642_297739554_n-960x640.jpg",960,640,true]},"uagb_author_info":{"display_name":"RutaSiete","author_link":"https:\/\/rutasiete.es\/en\/author\/rutasiete\/"},"uagb_comment_info":0,"uagb_excerpt":"Despu\u00e9s de varias jornadas por la nueva ruta GR7 &#8211; Los Alcornocales (sur) &#8211; Tarifa, volvemos a la ya cl\u00e1sica ruta por Los Alcornocales (norte) &#8211; Montes de Propios de Jerez, concretamente el d\u00eda domingo 18 de marzo, se trata de una ruta en el interior de una finca acotada de 6.000 h y dentro&hellip;","_links":{"self":[{"href":"https:\/\/rutasiete.es\/en\/wp-json\/wp\/v2\/posts\/593","targetHints":{"allow":["GET"]}}],"collection":[{"href":"https:\/\/rutasiete.es\/en\/wp-json\/wp\/v2\/posts"}],"about":[{"href":"https:\/\/rutasiete.es\/en\/wp-json\/wp\/v2\/types\/post"}],"author":[{"embeddable":true,"href":"https:\/\/rutasiete.es\/en\/wp-json\/wp\/v2\/users\/1"}],"replies":[{"embeddable":true,"href":"https:\/\/rutasiete.es\/en\/wp-json\/wp\/v2\/comments?post=593"}],"version-history":[{"count":3,"href":"https:\/\/rutasiete.es\/en\/wp-json\/wp\/v2\/posts\/593\/revisions"}],"predecessor-version":[{"id":652,"href":"https:\/\/rutasiete.es\/en\/wp-json\/wp\/v2\/posts\/593\/revisions\/652"}],"wp:featuredmedia":[{"embeddable":true,"href":"https:\/\/rutasiete.es\/en\/wp-json\/wp\/v2\/media\/496"}],"wp:attachment":[{"href":"https:\/\/rutasiete.es\/en\/wp-json\/wp\/v2\/media?parent=593"}],"wp:term":[{"taxonomy":"category","embeddable":true,"href":"https:\/\/rutasiete.es\/en\/wp-json\/wp\/v2\/categories?post=593"},{"taxonomy":"post_tag","embeddable":true,"href":"https:\/\/rutasiete.es\/en\/wp-json\/wp\/v2\/tags?post=593"}],"curies":[{"name":"wp","href":"https:\/\/api.w.org\/{rel}","templated":true}]}}