{"id":895,"date":"2024-09-26T08:18:33","date_gmt":"2024-09-26T08:18:33","guid":{"rendered":"https:\/\/rutasiete.es\/?p=895"},"modified":"2025-01-12T16:40:39","modified_gmt":"2025-01-12T16:40:39","slug":"dia-de-la-meteorologia-y-del-clima-2","status":"publish","type":"post","link":"https:\/\/rutasiete.es\/en\/dia-de-la-meteorologia-y-del-clima-2\/","title":{"rendered":"World Tourism Day"},"content":{"rendered":"<div id=\"news\" class=\"wp-block-group has-global-padding is-layout-constrained wp-block-group-is-layout-constrained\">\n<div style=\"height:33px\" aria-hidden=\"true\" class=\"wp-block-spacer\"><\/div>\n\n\n\n<div class=\"wp-block-query is-layout-flow wp-block-query-is-layout-flow\">\n<div class=\"wp-block-columns alignwide are-vertically-aligned-center is-layout-flex wp-container-core-columns-is-layout-28f84493 wp-block-columns-is-layout-flex\">\n<div class=\"wp-block-column is-layout-flow wp-block-column-is-layout-flow\">\n<figure class=\"wp-block-image size-full\"><img fetchpriority=\"high\" decoding=\"async\" width=\"666\" height=\"500\" src=\"https:\/\/rutasiete.es\/wp-content\/uploads\/2024\/09\/Turismo-activo.jpg\" alt=\"\" class=\"wp-image-896\" srcset=\"https:\/\/rutasiete.es\/wp-content\/uploads\/2024\/09\/Turismo-activo.jpg 666w, https:\/\/rutasiete.es\/wp-content\/uploads\/2024\/09\/Turismo-activo-300x225.jpg 300w, https:\/\/rutasiete.es\/wp-content\/uploads\/2024\/09\/Turismo-activo-16x12.jpg 16w\" sizes=\"(max-width: 666px) 100vw, 666px\" \/><\/figure>\n<\/div>\n<\/div>\n\n\n<\/div>\n\n\n\n<div style=\"height:18px\" aria-hidden=\"true\" class=\"wp-block-spacer\"><\/div>\n<\/div>\n\n\n\t\t\t\t<div class=\"wp-block-uagb-table-of-contents uagb-toc__align-left uagb-toc__columns-1  uagb-block-0c44ac31\"\n\t\t\t\t\tdata-scroll= \"1\"\n\t\t\t\t\tdata-offset= \"30\"\n\t\t\t\t\tstyle=\"\"\n\t\t\t\t>\n\t\t\t\t<div class=\"uagb-toc__wrap\">\n\t\t\t\t\t\t<div class=\"uagb-toc__title\">\n\t\t\t\t\t\t\tTable Of Contents\t\t\t\t\t\t<\/div>\n\t\t\t\t\t\t\t\t\t\t\t\t\t\t\t\t<div class=\"uagb-toc__list-wrap\">\n\t\t\t\t\t\t<ol class=\"uagb-toc__list\"><li class=\"uagb-toc__list\"><a href=\"#d\u00eda-mundial-del-turismo\" class=\"uagb-toc-link__trigger\">World Tourism Day.<\/a><\/ol>\t\t\t\t\t<\/div>\n\t\t\t\t\t\t\t\t\t<\/div>\n\t\t\t\t<\/div>\n\t\t\t\n\n\n<div style=\"height:33px\" aria-hidden=\"true\" class=\"wp-block-spacer\"><\/div>\n\n\n\n<h2 class=\"wp-block-heading\" id=\"\\&quot;\u00bfque-es-la-meteorologia?\\&quot;\">World Tourism Day.<\/h2>\n\n\n\n<p>In my case, I can talk a little about what I know best, NATURE TOURISM, according to Wikipedia: \u201cThis movement appeared in the late 1980s, and has already managed to attract enough interest internationally, to the point that the UN dedicated the year 2002 to ecological tourism.\u201d<\/p>\n\n\n\n<p>My experience dates back to the early 1990s, following in the footsteps of Faustino R. Q., who I consider a pioneer in the province of Cadiz, with his Viajes Karacol project, which became Viajes Alventus, which is now a national benchmark for nature trips around the world. Shortly afterwards, a group of friends from the Sierra del Pinar Mountaineering Club set up Oikos, a project that I joined. It was an interesting experience that I will always remember. Other projects followed, but without success. There was no legislation, awareness or market, but they were the first steps with their corresponding failures. That is how you learn when you are a pioneer.<\/p>\n\n\n\n<p>Things have evolved; those initiatives were not viable. Today, the so-called \u201cactive tourism companies\u201d have their place, although it is small, but they cover a demand that has been growing and consolidating.<\/p>\n\n\n\n<p><\/p>","protected":false},"excerpt":{"rendered":"<p>World Tourism Day. In my case, I can talk a little about what I know best, NATURE TOURISM, according to Wikipedia: \u201cThis movement appeared in the late 1980s, and has already managed to attract enough interest internationally, to the point that the UN dedicated the year 2002 to ecological tourism.\u201d My \u2026 <\/p>\n<p class=\"link-more\"><a href=\"https:\/\/rutasiete.es\/en\/dia-de-la-meteorologia-y-del-clima-2\/\" class=\"more-link\">Read more<span class=\"screen-reader-text\"> \u00abDIA MUNDIAL DEL TURISMO\u00bb<\/span><\/a><\/p>","protected":false},"author":1,"featured_media":896,"comment_status":"closed","ping_status":"open","sticky":false,"template":"","format":"standard","meta":{"_uag_custom_page_level_css":"","footnotes":""},"categories":[1],"tags":[],"class_list":["post-895","post","type-post","status-publish","format-standard","has-post-thumbnail","hentry","category-uncategorized"],"yoast_head":"<!-- This site is optimized with the Yoast SEO plugin v26.2 - https:\/\/yoast.com\/wordpress\/plugins\/seo\/ -->\n<title>DIA MUNDIAL DEL TURISMO - RutaSiete<\/title>\n<meta name=\"robots\" content=\"index, follow, max-snippet:-1, max-image-preview:large, max-video-preview:-1\" \/>\n<link rel=\"canonical\" href=\"https:\/\/rutasiete.es\/en\/dia-de-la-meteorologia-y-del-clima-2\/\" \/>\n<meta property=\"og:locale\" content=\"en_GB\" \/>\n<meta property=\"og:type\" content=\"article\" \/>\n<meta property=\"og:title\" content=\"DIA MUNDIAL DEL TURISMO - RutaSiete\" \/>\n<meta property=\"og:description\" content=\"D\u00eda Mundial del Turismo. En mi caso puedo hablar un poco de lo que mejor conozco, EL TURISMO DE NATURALEZA, seg\u00fan Wikipedia: \u201cEste movimiento apareci\u00f3 a&nbsp;finales de la d\u00e9cada de 1980, y ya ha logrado atraer el suficiente inter\u00e9s a nivel internacional, al punto que la ONU dedic\u00f3 el a\u00f1o 2002 al turismo ecol\u00f3gico\u201d. Mi &hellip; Read more &quot;DIA MUNDIAL DEL TURISMO&quot;\" \/>\n<meta property=\"og:url\" content=\"https:\/\/rutasiete.es\/en\/dia-de-la-meteorologia-y-del-clima-2\/\" \/>\n<meta property=\"og:site_name\" content=\"RutaSiete\" \/>\n<meta property=\"article:publisher\" content=\"https:\/\/www.facebook.com\/rutasietecadiz\/\" \/>\n<meta property=\"article:published_time\" content=\"2024-09-26T08:18:33+00:00\" \/>\n<meta property=\"article:modified_time\" content=\"2025-01-12T16:40:39+00:00\" \/>\n<meta property=\"og:image\" content=\"https:\/\/rutasiete.es\/wp-content\/uploads\/2024\/09\/Turismo-activo.jpg\" \/>\n\t<meta property=\"og:image:width\" content=\"666\" \/>\n\t<meta property=\"og:image:height\" content=\"500\" \/>\n\t<meta property=\"og:image:type\" content=\"image\/jpeg\" \/>\n<meta name=\"author\" content=\"RutaSiete\" \/>\n<meta name=\"twitter:card\" content=\"summary_large_image\" \/>\n<meta name=\"twitter:label1\" content=\"Written by\" \/>\n\t<meta name=\"twitter:data1\" content=\"RutaSiete\" \/>\n\t<meta name=\"twitter:label2\" content=\"Estimated reading time\" \/>\n\t<meta name=\"twitter:data2\" content=\"2 minutes\" \/>\n<script type=\"application\/ld+json\" class=\"yoast-schema-graph\">{\"@context\":\"https:\/\/schema.org\",\"@graph\":[{\"@type\":\"Article\",\"@id\":\"https:\/\/rutasiete.es\/dia-de-la-meteorologia-y-del-clima-2\/#article\",\"isPartOf\":{\"@id\":\"https:\/\/rutasiete.es\/dia-de-la-meteorologia-y-del-clima-2\/\"},\"author\":{\"name\":\"RutaSiete\",\"@id\":\"https:\/\/rutasiete.es\/#\/schema\/person\/71398a71ba0ac924eb168d8d7f8de6c5\"},\"headline\":\"DIA MUNDIAL DEL TURISMO\",\"datePublished\":\"2024-09-26T08:18:33+00:00\",\"dateModified\":\"2025-01-12T16:40:39+00:00\",\"mainEntityOfPage\":{\"@id\":\"https:\/\/rutasiete.es\/dia-de-la-meteorologia-y-del-clima-2\/\"},\"wordCount\":217,\"publisher\":{\"@id\":\"https:\/\/rutasiete.es\/#organization\"},\"image\":{\"@id\":\"https:\/\/rutasiete.es\/dia-de-la-meteorologia-y-del-clima-2\/#primaryimage\"},\"thumbnailUrl\":\"https:\/\/rutasiete.es\/wp-content\/uploads\/2024\/09\/Turismo-activo.jpg\",\"articleSection\":[\"Uncategorized\"],\"inLanguage\":\"en-GB\"},{\"@type\":\"WebPage\",\"@id\":\"https:\/\/rutasiete.es\/dia-de-la-meteorologia-y-del-clima-2\/\",\"url\":\"https:\/\/rutasiete.es\/dia-de-la-meteorologia-y-del-clima-2\/\",\"name\":\"DIA MUNDIAL DEL TURISMO - RutaSiete\",\"isPartOf\":{\"@id\":\"https:\/\/rutasiete.es\/#website\"},\"primaryImageOfPage\":{\"@id\":\"https:\/\/rutasiete.es\/dia-de-la-meteorologia-y-del-clima-2\/#primaryimage\"},\"image\":{\"@id\":\"https:\/\/rutasiete.es\/dia-de-la-meteorologia-y-del-clima-2\/#primaryimage\"},\"thumbnailUrl\":\"https:\/\/rutasiete.es\/wp-content\/uploads\/2024\/09\/Turismo-activo.jpg\",\"datePublished\":\"2024-09-26T08:18:33+00:00\",\"dateModified\":\"2025-01-12T16:40:39+00:00\",\"breadcrumb\":{\"@id\":\"https:\/\/rutasiete.es\/dia-de-la-meteorologia-y-del-clima-2\/#breadcrumb\"},\"inLanguage\":\"en-GB\",\"potentialAction\":[{\"@type\":\"ReadAction\",\"target\":[\"https:\/\/rutasiete.es\/dia-de-la-meteorologia-y-del-clima-2\/\"]}]},{\"@type\":\"ImageObject\",\"inLanguage\":\"en-GB\",\"@id\":\"https:\/\/rutasiete.es\/dia-de-la-meteorologia-y-del-clima-2\/#primaryimage\",\"url\":\"https:\/\/rutasiete.es\/wp-content\/uploads\/2024\/09\/Turismo-activo.jpg\",\"contentUrl\":\"https:\/\/rutasiete.es\/wp-content\/uploads\/2024\/09\/Turismo-activo.jpg\",\"width\":666,\"height\":500},{\"@type\":\"BreadcrumbList\",\"@id\":\"https:\/\/rutasiete.es\/dia-de-la-meteorologia-y-del-clima-2\/#breadcrumb\",\"itemListElement\":[{\"@type\":\"ListItem\",\"position\":1,\"name\":\"Portada\",\"item\":\"https:\/\/rutasiete.es\/\"},{\"@type\":\"ListItem\",\"position\":2,\"name\":\"DIA MUNDIAL DEL TURISMO\"}]},{\"@type\":\"WebSite\",\"@id\":\"https:\/\/rutasiete.es\/#website\",\"url\":\"https:\/\/rutasiete.es\/\",\"name\":\"RutaSiete\",\"description\":\"Experiencias tur\u00edsticas en 4x4\",\"publisher\":{\"@id\":\"https:\/\/rutasiete.es\/#organization\"},\"potentialAction\":[{\"@type\":\"SearchAction\",\"target\":{\"@type\":\"EntryPoint\",\"urlTemplate\":\"https:\/\/rutasiete.es\/?s={search_term_string}\"},\"query-input\":{\"@type\":\"PropertyValueSpecification\",\"valueRequired\":true,\"valueName\":\"search_term_string\"}}],\"inLanguage\":\"en-GB\"},{\"@type\":\"Organization\",\"@id\":\"https:\/\/rutasiete.es\/#organization\",\"name\":\"RutaSiete\",\"url\":\"https:\/\/rutasiete.es\/\",\"logo\":{\"@type\":\"ImageObject\",\"inLanguage\":\"en-GB\",\"@id\":\"https:\/\/rutasiete.es\/#\/schema\/logo\/image\/\",\"url\":\"https:\/\/rutasiete.es\/wp-content\/uploads\/2024\/01\/Captura_de_pantalla_2023-12-24_225103-removebg-preview.png\",\"contentUrl\":\"https:\/\/rutasiete.es\/wp-content\/uploads\/2024\/01\/Captura_de_pantalla_2023-12-24_225103-removebg-preview.png\",\"width\":342,\"height\":161,\"caption\":\"RutaSiete\"},\"image\":{\"@id\":\"https:\/\/rutasiete.es\/#\/schema\/logo\/image\/\"},\"sameAs\":[\"https:\/\/www.facebook.com\/rutasietecadiz\/\",\"https:\/\/www.instagram.com\/rutasietecadiz\/\"]},{\"@type\":\"Person\",\"@id\":\"https:\/\/rutasiete.es\/#\/schema\/person\/71398a71ba0ac924eb168d8d7f8de6c5\",\"name\":\"RutaSiete\",\"image\":{\"@type\":\"ImageObject\",\"inLanguage\":\"en-GB\",\"@id\":\"https:\/\/rutasiete.es\/#\/schema\/person\/image\/\",\"url\":\"https:\/\/secure.gravatar.com\/avatar\/cc9d13a377e6f188b3113a1e5306794676c9ef7d94d97d7ebbd58a154e507e8f?s=96&d=mm&r=g\",\"contentUrl\":\"https:\/\/secure.gravatar.com\/avatar\/cc9d13a377e6f188b3113a1e5306794676c9ef7d94d97d7ebbd58a154e507e8f?s=96&d=mm&r=g\",\"caption\":\"RutaSiete\"},\"sameAs\":[\"https:\/\/rutasiete.es\"],\"url\":\"https:\/\/rutasiete.es\/en\/author\/rutasiete\/\"}]}<\/script>\n<!-- \/ Yoast SEO plugin. -->","yoast_head_json":{"title":"DIA MUNDIAL DEL TURISMO - RutaSiete","robots":{"index":"index","follow":"follow","max-snippet":"max-snippet:-1","max-image-preview":"max-image-preview:large","max-video-preview":"max-video-preview:-1"},"canonical":"https:\/\/rutasiete.es\/en\/dia-de-la-meteorologia-y-del-clima-2\/","og_locale":"en_GB","og_type":"article","og_title":"DIA MUNDIAL DEL TURISMO - RutaSiete","og_description":"D\u00eda Mundial del Turismo. En mi caso puedo hablar un poco de lo que mejor conozco, EL TURISMO DE NATURALEZA, seg\u00fan Wikipedia: \u201cEste movimiento apareci\u00f3 a&nbsp;finales de la d\u00e9cada de 1980, y ya ha logrado atraer el suficiente inter\u00e9s a nivel internacional, al punto que la ONU dedic\u00f3 el a\u00f1o 2002 al turismo ecol\u00f3gico\u201d. Mi &hellip; Read more \"DIA MUNDIAL DEL TURISMO\"","og_url":"https:\/\/rutasiete.es\/en\/dia-de-la-meteorologia-y-del-clima-2\/","og_site_name":"RutaSiete","article_publisher":"https:\/\/www.facebook.com\/rutasietecadiz\/","article_published_time":"2024-09-26T08:18:33+00:00","article_modified_time":"2025-01-12T16:40:39+00:00","og_image":[{"width":666,"height":500,"url":"https:\/\/rutasiete.es\/wp-content\/uploads\/2024\/09\/Turismo-activo.jpg","type":"image\/jpeg"}],"author":"RutaSiete","twitter_card":"summary_large_image","twitter_misc":{"Written by":"RutaSiete","Estimated reading time":"2 minutes"},"schema":{"@context":"https:\/\/schema.org","@graph":[{"@type":"Article","@id":"https:\/\/rutasiete.es\/dia-de-la-meteorologia-y-del-clima-2\/#article","isPartOf":{"@id":"https:\/\/rutasiete.es\/dia-de-la-meteorologia-y-del-clima-2\/"},"author":{"name":"RutaSiete","@id":"https:\/\/rutasiete.es\/#\/schema\/person\/71398a71ba0ac924eb168d8d7f8de6c5"},"headline":"DIA MUNDIAL DEL TURISMO","datePublished":"2024-09-26T08:18:33+00:00","dateModified":"2025-01-12T16:40:39+00:00","mainEntityOfPage":{"@id":"https:\/\/rutasiete.es\/dia-de-la-meteorologia-y-del-clima-2\/"},"wordCount":217,"publisher":{"@id":"https:\/\/rutasiete.es\/#organization"},"image":{"@id":"https:\/\/rutasiete.es\/dia-de-la-meteorologia-y-del-clima-2\/#primaryimage"},"thumbnailUrl":"https:\/\/rutasiete.es\/wp-content\/uploads\/2024\/09\/Turismo-activo.jpg","articleSection":["Uncategorized"],"inLanguage":"en-GB"},{"@type":"WebPage","@id":"https:\/\/rutasiete.es\/dia-de-la-meteorologia-y-del-clima-2\/","url":"https:\/\/rutasiete.es\/dia-de-la-meteorologia-y-del-clima-2\/","name":"DIA MUNDIAL DEL TURISMO - RutaSiete","isPartOf":{"@id":"https:\/\/rutasiete.es\/#website"},"primaryImageOfPage":{"@id":"https:\/\/rutasiete.es\/dia-de-la-meteorologia-y-del-clima-2\/#primaryimage"},"image":{"@id":"https:\/\/rutasiete.es\/dia-de-la-meteorologia-y-del-clima-2\/#primaryimage"},"thumbnailUrl":"https:\/\/rutasiete.es\/wp-content\/uploads\/2024\/09\/Turismo-activo.jpg","datePublished":"2024-09-26T08:18:33+00:00","dateModified":"2025-01-12T16:40:39+00:00","breadcrumb":{"@id":"https:\/\/rutasiete.es\/dia-de-la-meteorologia-y-del-clima-2\/#breadcrumb"},"inLanguage":"en-GB","potentialAction":[{"@type":"ReadAction","target":["https:\/\/rutasiete.es\/dia-de-la-meteorologia-y-del-clima-2\/"]}]},{"@type":"ImageObject","inLanguage":"en-GB","@id":"https:\/\/rutasiete.es\/dia-de-la-meteorologia-y-del-clima-2\/#primaryimage","url":"https:\/\/rutasiete.es\/wp-content\/uploads\/2024\/09\/Turismo-activo.jpg","contentUrl":"https:\/\/rutasiete.es\/wp-content\/uploads\/2024\/09\/Turismo-activo.jpg","width":666,"height":500},{"@type":"BreadcrumbList","@id":"https:\/\/rutasiete.es\/dia-de-la-meteorologia-y-del-clima-2\/#breadcrumb","itemListElement":[{"@type":"ListItem","position":1,"name":"Portada","item":"https:\/\/rutasiete.es\/"},{"@type":"ListItem","position":2,"name":"DIA MUNDIAL DEL TURISMO"}]},{"@type":"WebSite","@id":"https:\/\/rutasiete.es\/#website","url":"https:\/\/rutasiete.es\/","name":"RutaSiete","description":"Experiencias tur\u00edsticas en 4x4","publisher":{"@id":"https:\/\/rutasiete.es\/#organization"},"potentialAction":[{"@type":"SearchAction","target":{"@type":"EntryPoint","urlTemplate":"https:\/\/rutasiete.es\/?s={search_term_string}"},"query-input":{"@type":"PropertyValueSpecification","valueRequired":true,"valueName":"search_term_string"}}],"inLanguage":"en-GB"},{"@type":"Organization","@id":"https:\/\/rutasiete.es\/#organization","name":"RutaSiete","url":"https:\/\/rutasiete.es\/","logo":{"@type":"ImageObject","inLanguage":"en-GB","@id":"https:\/\/rutasiete.es\/#\/schema\/logo\/image\/","url":"https:\/\/rutasiete.es\/wp-content\/uploads\/2024\/01\/Captura_de_pantalla_2023-12-24_225103-removebg-preview.png","contentUrl":"https:\/\/rutasiete.es\/wp-content\/uploads\/2024\/01\/Captura_de_pantalla_2023-12-24_225103-removebg-preview.png","width":342,"height":161,"caption":"RutaSiete"},"image":{"@id":"https:\/\/rutasiete.es\/#\/schema\/logo\/image\/"},"sameAs":["https:\/\/www.facebook.com\/rutasietecadiz\/","https:\/\/www.instagram.com\/rutasietecadiz\/"]},{"@type":"Person","@id":"https:\/\/rutasiete.es\/#\/schema\/person\/71398a71ba0ac924eb168d8d7f8de6c5","name":"RutaSiete","image":{"@type":"ImageObject","inLanguage":"en-GB","@id":"https:\/\/rutasiete.es\/#\/schema\/person\/image\/","url":"https:\/\/secure.gravatar.com\/avatar\/cc9d13a377e6f188b3113a1e5306794676c9ef7d94d97d7ebbd58a154e507e8f?s=96&d=mm&r=g","contentUrl":"https:\/\/secure.gravatar.com\/avatar\/cc9d13a377e6f188b3113a1e5306794676c9ef7d94d97d7ebbd58a154e507e8f?s=96&d=mm&r=g","caption":"RutaSiete"},"sameAs":["https:\/\/rutasiete.es"],"url":"https:\/\/rutasiete.es\/en\/author\/rutasiete\/"}]}},"uagb_featured_image_src":{"full":["https:\/\/rutasiete.es\/wp-content\/uploads\/2024\/09\/Turismo-activo.jpg",666,500,false],"thumbnail":["https:\/\/rutasiete.es\/wp-content\/uploads\/2024\/09\/Turismo-activo-150x150.jpg",150,150,true],"medium":["https:\/\/rutasiete.es\/wp-content\/uploads\/2024\/09\/Turismo-activo-300x225.jpg",300,225,true],"medium_large":["https:\/\/rutasiete.es\/wp-content\/uploads\/2024\/09\/Turismo-activo.jpg",666,500,false],"large":["https:\/\/rutasiete.es\/wp-content\/uploads\/2024\/09\/Turismo-activo.jpg",666,500,false],"1536x1536":["https:\/\/rutasiete.es\/wp-content\/uploads\/2024\/09\/Turismo-activo.jpg",666,500,false],"2048x2048":["https:\/\/rutasiete.es\/wp-content\/uploads\/2024\/09\/Turismo-activo.jpg",666,500,false],"trp-custom-language-flag":["https:\/\/rutasiete.es\/wp-content\/uploads\/2024\/09\/Turismo-activo-16x12.jpg",16,12,true],"inspiro-featured-image":["https:\/\/rutasiete.es\/wp-content\/uploads\/2024\/09\/Turismo-activo.jpg",666,500,false],"inspiro-loop":["https:\/\/rutasiete.es\/wp-content\/uploads\/2024\/09\/Turismo-activo-666x320.jpg",666,320,true],"inspiro-loop@2x":["https:\/\/rutasiete.es\/wp-content\/uploads\/2024\/09\/Turismo-activo.jpg",666,500,false]},"uagb_author_info":{"display_name":"RutaSiete","author_link":"https:\/\/rutasiete.es\/en\/author\/rutasiete\/"},"uagb_comment_info":0,"uagb_excerpt":"D\u00eda Mundial del Turismo. En mi caso puedo hablar un poco de lo que mejor conozco, EL TURISMO DE NATURALEZA, seg\u00fan Wikipedia: \u201cEste movimiento apareci\u00f3 a&nbsp;finales de la d\u00e9cada de 1980, y ya ha logrado atraer el suficiente inter\u00e9s a nivel internacional, al punto que la ONU dedic\u00f3 el a\u00f1o 2002 al turismo ecol\u00f3gico\u201d. Mi&hellip;","_links":{"self":[{"href":"https:\/\/rutasiete.es\/en\/wp-json\/wp\/v2\/posts\/895","targetHints":{"allow":["GET"]}}],"collection":[{"href":"https:\/\/rutasiete.es\/en\/wp-json\/wp\/v2\/posts"}],"about":[{"href":"https:\/\/rutasiete.es\/en\/wp-json\/wp\/v2\/types\/post"}],"author":[{"embeddable":true,"href":"https:\/\/rutasiete.es\/en\/wp-json\/wp\/v2\/users\/1"}],"replies":[{"embeddable":true,"href":"https:\/\/rutasiete.es\/en\/wp-json\/wp\/v2\/comments?post=895"}],"version-history":[{"count":11,"href":"https:\/\/rutasiete.es\/en\/wp-json\/wp\/v2\/posts\/895\/revisions"}],"predecessor-version":[{"id":1017,"href":"https:\/\/rutasiete.es\/en\/wp-json\/wp\/v2\/posts\/895\/revisions\/1017"}],"wp:featuredmedia":[{"embeddable":true,"href":"https:\/\/rutasiete.es\/en\/wp-json\/wp\/v2\/media\/896"}],"wp:attachment":[{"href":"https:\/\/rutasiete.es\/en\/wp-json\/wp\/v2\/media?parent=895"}],"wp:term":[{"taxonomy":"category","embeddable":true,"href":"https:\/\/rutasiete.es\/en\/wp-json\/wp\/v2\/categories?post=895"},{"taxonomy":"post_tag","embeddable":true,"href":"https:\/\/rutasiete.es\/en\/wp-json\/wp\/v2\/tags?post=895"}],"curies":[{"name":"wp","href":"https:\/\/api.w.org\/{rel}","templated":true}]}}